{"id":8204,"date":"2025-03-21T10:17:48","date_gmt":"2025-03-21T10:17:48","guid":{"rendered":"https:\/\/els-solutions.com\/cms\/dev\/?p=8204"},"modified":"2025-03-21T10:20:33","modified_gmt":"2025-03-21T10:20:33","slug":"critical-medicines-act","status":"publish","type":"post","link":"https:\/\/els-solutions.com\/en\/critical-medicines-act\/","title":{"rendered":"European Commission Presents Critical Medicines Act"},"content":{"rendered":"<p data-pm-slice=\"1 1 []\">On March 12, 2025, the European Commission took an important step in strengthening the European Union&#8217;s strategic autonomy with regard to the availability of essential medicines. It presented the <strong>Critical Medicines Act<\/strong>, a new initiative aimed at guaranteeing continuous access to essential medicines, preventing shortages and improving the resilience of supply chains in the pharmaceutical industry.<\/p>\n<p data-pm-slice=\"1 1 []\">Check out the main points of this proposal:<\/p>\n<p><strong>1.Central<\/strong> <strong>Objective of the Law<\/strong><\/p>\n<p>The main objective of the <strong>Critical Medicines Law<\/strong> is to mitigate vulnerabilities in manufacturing and supply chains, ensuring the production of essential medicines and raw materials. The idea is to strengthen the European Union&#8217;s strategic autonomy, ensuring that critical medicines are always available to European citizens.<\/p>\n<p><strong>2. Causes of Medicines Shortages<\/strong><\/p>\n<p>The proposal recognizes that medicine shortages are mainly caused by problems related to production and the complexity of global supply chains. The COVID-19 pandemic, for example, has revealed the fragility of many supply systems.<\/p>\n<h3>3. <strong>Critical Medicines Alliance report<\/strong><\/h3>\n<p>In February 2025, the <strong>Critical Medicines Alliance<\/strong> released a report with important recommendations for a more coordinated approach in the European Union. The document advocates the creation of a <strong>European list of critical medicines<\/strong>, the security of supply chains and the implementation of investment mechanisms in strategic industrial projects. The proposals aim to improve security of supply and stock management in the pharmaceutical sector.<\/p>\n<h3><strong>4. European coordination<\/strong><\/h3>\n<p>Rui Santos Ivo, president of Infarmed&#8217;s Board of Directors, highlights the importance of the new law in <strong>promoting a coordinated approach at European level<\/strong>, ensuring that essential medicines are always available. He emphasizes that the issue of shortages is a strategic topic of great relevance to the regulatory authorities, which have been working to develop instruments and policies to mitigate these problems.<\/p>\n<h3>5. <strong>Next Steps and Implementation<\/strong><\/h3>\n<p>The European Commission continues to work to implement the proposals of the Critical Medicines Alliance, with a focus on strengthening the safety and resilience of medicines supply chains. The new legislation should be accompanied by practical procurement measures and production support programs.<\/p>\n<p>The <strong>Critical Medicines Act<\/strong> represents an important step forward for<strong> public health and safety<\/strong> in Europe by ensuring that shortages of essential medicines are prevented in a coordinated and strategic manner.<\/p>\n<p>For more information, consult:<\/p>\n<ul class=\"ProsemirrorEditor-list\">\n<li class=\"ProsemirrorEditor-listItem\" data-list-indent=\"1\" data-list-type=\"bulleted\"><a href=\"https:\/\/ec.europa.eu\/commission\/presscorner\/detail\/en\/ip_25_733\">European Commission Press Release<\/a><\/li>\n<li class=\"ProsemirrorEditor-listItem\" data-list-indent=\"1\" data-list-type=\"bulleted\"><a href=\"https:\/\/ec.europa.eu\/commission\/presscorner\/api\/files\/attachment\/880768\/Factsheet_Medicines%20shortages%20global%20approach.pdf\">Fact Sheet on the Initiative<\/a><\/li>\n<li class=\"ProsemirrorEditor-listItem\" data-list-indent=\"1\" data-list-type=\"bulleted\"><a href=\"https:\/\/health.ec.europa.eu\/health-emergency-preparedness-and-response-hera\/overview\/critical-medicines-alliance_en\">Critical Medicines Alliance Report<\/a><\/li>\n<\/ul>\n<p>This measure promises to be a milestone in European pharmaceutical regulation, with a direct impact on the management of essential medicines for all citizens.<\/p>\n","protected":false},"excerpt":{"rendered":"<p>On March 12, 2025, the European Commission took an important step in strengthening the European Union&#8217;s strategic autonomy with regard to the availability of essential medicines. It presented the Critical Medicines Act, a new initiative aimed at guaranteeing continuous access to essential medicines, preventing shortages and improving the resilience of supply chains in the pharmaceutical industry.<\/p>\n","protected":false},"author":9,"featured_media":8206,"comment_status":"open","ping_status":"open","sticky":false,"template":"","format":"standard","meta":{"footnotes":""},"categories":[100,164,54,189,102,95],"tags":[202,62,103],"class_list":["post-8204","post","type-post","status-publish","format-standard","has-post-thumbnail","hentry","category-brazil","category-els-group-en","category-general","category-geral-en","category-noticias-en","category-regulations","tag-infarmed-en","tag-news","tag-regulations"],"yoast_head":"<!-- This site is optimized with the Yoast SEO plugin v23.4 - https:\/\/yoast.com\/wordpress\/plugins\/seo\/ -->\n<title>European Commission Presents Critical Medicines Act<\/title>\n<meta name=\"description\" content=\"It presented the Critical Medicines Act, a new initiative aimed at guaranteeing continuous access to essential medicines.\" \/>\n<meta name=\"robots\" content=\"noindex, follow, max-snippet:-1, max-image-preview:large, max-video-preview:-1\" \/>\n<meta property=\"og:locale\" content=\"en_US\" \/>\n<meta property=\"og:type\" content=\"article\" \/>\n<meta property=\"og:title\" content=\"European Commission Presents Critical Medicines Act\" \/>\n<meta property=\"og:description\" content=\"It presented the Critical Medicines Act, a new initiative aimed at guaranteeing continuous access to essential medicines.\" \/>\n<meta property=\"og:url\" content=\"https:\/\/els-solutions.com\/en\/critical-medicines-act\/\" \/>\n<meta property=\"og:site_name\" content=\"ELS Group - Accelerating Innovation\" \/>\n<meta property=\"article:publisher\" content=\"https:\/\/www.facebook.com\/els.solutions\/\" \/>\n<meta property=\"article:published_time\" content=\"2025-03-21T10:17:48+00:00\" \/>\n<meta property=\"article:modified_time\" content=\"2025-03-21T10:20:33+00:00\" \/>\n<meta property=\"og:image\" content=\"https:\/\/els-solutions.com\/cms\/wp-content\/uploads\/2025\/03\/Critical-Medicines-Act-1.png\" \/>\n\t<meta property=\"og:image:width\" content=\"1200\" \/>\n\t<meta property=\"og:image:height\" content=\"600\" \/>\n\t<meta property=\"og:image:type\" content=\"image\/png\" \/>\n<meta name=\"author\" content=\"Marketing ELS\" \/>\n<meta name=\"twitter:card\" content=\"summary_large_image\" \/>\n<meta name=\"twitter:label1\" content=\"Written by\" \/>\n\t<meta name=\"twitter:data1\" content=\"Marketing ELS\" \/>\n\t<meta name=\"twitter:label2\" content=\"Est. reading time\" \/>\n\t<meta name=\"twitter:data2\" content=\"3 minutes\" \/>\n<script type=\"application\/ld+json\" class=\"yoast-schema-graph\">{\"@context\":\"https:\/\/schema.org\",\"@graph\":[{\"@type\":\"Article\",\"@id\":\"https:\/\/els-solutions.com\/en\/critical-medicines-act\/#article\",\"isPartOf\":{\"@id\":\"https:\/\/els-solutions.com\/en\/critical-medicines-act\/\"},\"author\":{\"name\":\"Marketing ELS\",\"@id\":\"https:\/\/els-solutions.com\/en\/#\/schema\/person\/9fb8dae537039679cfc537a000df6ca3\"},\"headline\":\"European Commission Presents Critical Medicines Act\",\"datePublished\":\"2025-03-21T10:17:48+00:00\",\"dateModified\":\"2025-03-21T10:20:33+00:00\",\"mainEntityOfPage\":{\"@id\":\"https:\/\/els-solutions.com\/en\/critical-medicines-act\/\"},\"wordCount\":406,\"commentCount\":0,\"publisher\":{\"@id\":\"https:\/\/els-solutions.com\/en\/#organization\"},\"image\":{\"@id\":\"https:\/\/els-solutions.com\/en\/critical-medicines-act\/#primaryimage\"},\"thumbnailUrl\":\"https:\/\/els-solutions.com\/cms\/wp-content\/uploads\/2025\/03\/Critical-Medicines-Act-1.png\",\"keywords\":[\"Infarmed\",\"News\",\"regulations\"],\"articleSection\":[\"brazil\",\"ELS Group\",\"General\",\"Geral\",\"Not\u00edcias\",\"regulations\"],\"inLanguage\":\"en-US\",\"potentialAction\":[{\"@type\":\"CommentAction\",\"name\":\"Comment\",\"target\":[\"https:\/\/els-solutions.com\/en\/critical-medicines-act\/#respond\"]}]},{\"@type\":\"WebPage\",\"@id\":\"https:\/\/els-solutions.com\/en\/critical-medicines-act\/\",\"url\":\"https:\/\/els-solutions.com\/en\/critical-medicines-act\/\",\"name\":\"European Commission Presents Critical Medicines Act\",\"isPartOf\":{\"@id\":\"https:\/\/els-solutions.com\/en\/#website\"},\"primaryImageOfPage\":{\"@id\":\"https:\/\/els-solutions.com\/en\/critical-medicines-act\/#primaryimage\"},\"image\":{\"@id\":\"https:\/\/els-solutions.com\/en\/critical-medicines-act\/#primaryimage\"},\"thumbnailUrl\":\"https:\/\/els-solutions.com\/cms\/wp-content\/uploads\/2025\/03\/Critical-Medicines-Act-1.png\",\"datePublished\":\"2025-03-21T10:17:48+00:00\",\"dateModified\":\"2025-03-21T10:20:33+00:00\",\"description\":\"It presented the Critical Medicines Act, a new initiative aimed at guaranteeing continuous access to essential medicines.\",\"breadcrumb\":{\"@id\":\"https:\/\/els-solutions.com\/en\/critical-medicines-act\/#breadcrumb\"},\"inLanguage\":\"en-US\",\"potentialAction\":[{\"@type\":\"ReadAction\",\"target\":[\"https:\/\/els-solutions.com\/en\/critical-medicines-act\/\"]}]},{\"@type\":\"ImageObject\",\"inLanguage\":\"en-US\",\"@id\":\"https:\/\/els-solutions.com\/en\/critical-medicines-act\/#primaryimage\",\"url\":\"https:\/\/els-solutions.com\/cms\/wp-content\/uploads\/2025\/03\/Critical-Medicines-Act-1.png\",\"contentUrl\":\"https:\/\/els-solutions.com\/cms\/wp-content\/uploads\/2025\/03\/Critical-Medicines-Act-1.png\",\"width\":1200,\"height\":600},{\"@type\":\"BreadcrumbList\",\"@id\":\"https:\/\/els-solutions.com\/en\/critical-medicines-act\/#breadcrumb\",\"itemListElement\":[{\"@type\":\"ListItem\",\"position\":1,\"name\":\"In\u00edcio\",\"item\":\"https:\/\/els-solutions.com\/en\/\"},{\"@type\":\"ListItem\",\"position\":2,\"name\":\"European Commission Presents Critical Medicines Act\"}]},{\"@type\":\"WebSite\",\"@id\":\"https:\/\/els-solutions.com\/en\/#website\",\"url\":\"https:\/\/els-solutions.com\/en\/\",\"name\":\"ELS Group - Accelerating Innovation\",\"description\":\"Assessoria estrat\u00e9gia para a Ind\u00fastria Farmac\u00eautica\",\"publisher\":{\"@id\":\"https:\/\/els-solutions.com\/en\/#organization\"},\"potentialAction\":[{\"@type\":\"SearchAction\",\"target\":{\"@type\":\"EntryPoint\",\"urlTemplate\":\"https:\/\/els-solutions.com\/en\/?s={search_term_string}\"},\"query-input\":{\"@type\":\"PropertyValueSpecification\",\"valueRequired\":true,\"valueName\":\"search_term_string\"}}],\"inLanguage\":\"en-US\"},{\"@type\":\"Organization\",\"@id\":\"https:\/\/els-solutions.com\/en\/#organization\",\"name\":\"ELS Group - Accelerating Innovation\",\"url\":\"https:\/\/els-solutions.com\/en\/\",\"logo\":{\"@type\":\"ImageObject\",\"inLanguage\":\"en-US\",\"@id\":\"https:\/\/els-solutions.com\/en\/#\/schema\/logo\/image\/\",\"url\":\"https:\/\/els-solutions.com\/cms\/wp-content\/uploads\/2023\/08\/ELS-NewLogo-ColorBlack-1-e1691153715735.png\",\"contentUrl\":\"https:\/\/els-solutions.com\/cms\/wp-content\/uploads\/2023\/08\/ELS-NewLogo-ColorBlack-1-e1691153715735.png\",\"width\":2226,\"height\":1080,\"caption\":\"ELS Group - Accelerating Innovation\"},\"image\":{\"@id\":\"https:\/\/els-solutions.com\/en\/#\/schema\/logo\/image\/\"},\"sameAs\":[\"https:\/\/www.facebook.com\/els.solutions\/\"]},{\"@type\":\"Person\",\"@id\":\"https:\/\/els-solutions.com\/en\/#\/schema\/person\/9fb8dae537039679cfc537a000df6ca3\",\"name\":\"Marketing ELS\",\"image\":{\"@type\":\"ImageObject\",\"inLanguage\":\"en-US\",\"@id\":\"https:\/\/els-solutions.com\/en\/#\/schema\/person\/image\/\",\"url\":\"https:\/\/secure.gravatar.com\/avatar\/b785df1d10c9806cc43fcea2dbf585b96a8761ff697010979d603fc5b7a9ca7b?s=96&d=mm&r=g\",\"contentUrl\":\"https:\/\/secure.gravatar.com\/avatar\/b785df1d10c9806cc43fcea2dbf585b96a8761ff697010979d603fc5b7a9ca7b?s=96&d=mm&r=g\",\"caption\":\"Marketing ELS\"},\"sameAs\":[\"https:\/\/els-solutions.com\/\"]}]}<\/script>\n<!-- \/ Yoast SEO plugin. -->","yoast_head_json":{"title":"European Commission Presents Critical Medicines Act","description":"It presented the Critical Medicines Act, a new initiative aimed at guaranteeing continuous access to essential medicines.","robots":{"index":"noindex","follow":"follow","max-snippet":"max-snippet:-1","max-image-preview":"max-image-preview:large","max-video-preview":"max-video-preview:-1"},"og_locale":"en_US","og_type":"article","og_title":"European Commission Presents Critical Medicines Act","og_description":"It presented the Critical Medicines Act, a new initiative aimed at guaranteeing continuous access to essential medicines.","og_url":"https:\/\/els-solutions.com\/en\/critical-medicines-act\/","og_site_name":"ELS Group - Accelerating Innovation","article_publisher":"https:\/\/www.facebook.com\/els.solutions\/","article_published_time":"2025-03-21T10:17:48+00:00","article_modified_time":"2025-03-21T10:20:33+00:00","og_image":[{"width":1200,"height":600,"url":"https:\/\/els-solutions.com\/cms\/wp-content\/uploads\/2025\/03\/Critical-Medicines-Act-1.png","type":"image\/png"}],"author":"Marketing ELS","twitter_card":"summary_large_image","twitter_misc":{"Written by":"Marketing ELS","Est. reading time":"3 minutes"},"schema":{"@context":"https:\/\/schema.org","@graph":[{"@type":"Article","@id":"https:\/\/els-solutions.com\/en\/critical-medicines-act\/#article","isPartOf":{"@id":"https:\/\/els-solutions.com\/en\/critical-medicines-act\/"},"author":{"name":"Marketing ELS","@id":"https:\/\/els-solutions.com\/en\/#\/schema\/person\/9fb8dae537039679cfc537a000df6ca3"},"headline":"European Commission Presents Critical Medicines Act","datePublished":"2025-03-21T10:17:48+00:00","dateModified":"2025-03-21T10:20:33+00:00","mainEntityOfPage":{"@id":"https:\/\/els-solutions.com\/en\/critical-medicines-act\/"},"wordCount":406,"commentCount":0,"publisher":{"@id":"https:\/\/els-solutions.com\/en\/#organization"},"image":{"@id":"https:\/\/els-solutions.com\/en\/critical-medicines-act\/#primaryimage"},"thumbnailUrl":"https:\/\/els-solutions.com\/cms\/wp-content\/uploads\/2025\/03\/Critical-Medicines-Act-1.png","keywords":["Infarmed","News","regulations"],"articleSection":["brazil","ELS Group","General","Geral","Not\u00edcias","regulations"],"inLanguage":"en-US","potentialAction":[{"@type":"CommentAction","name":"Comment","target":["https:\/\/els-solutions.com\/en\/critical-medicines-act\/#respond"]}]},{"@type":"WebPage","@id":"https:\/\/els-solutions.com\/en\/critical-medicines-act\/","url":"https:\/\/els-solutions.com\/en\/critical-medicines-act\/","name":"European Commission Presents Critical Medicines Act","isPartOf":{"@id":"https:\/\/els-solutions.com\/en\/#website"},"primaryImageOfPage":{"@id":"https:\/\/els-solutions.com\/en\/critical-medicines-act\/#primaryimage"},"image":{"@id":"https:\/\/els-solutions.com\/en\/critical-medicines-act\/#primaryimage"},"thumbnailUrl":"https:\/\/els-solutions.com\/cms\/wp-content\/uploads\/2025\/03\/Critical-Medicines-Act-1.png","datePublished":"2025-03-21T10:17:48+00:00","dateModified":"2025-03-21T10:20:33+00:00","description":"It presented the Critical Medicines Act, a new initiative aimed at guaranteeing continuous access to essential medicines.","breadcrumb":{"@id":"https:\/\/els-solutions.com\/en\/critical-medicines-act\/#breadcrumb"},"inLanguage":"en-US","potentialAction":[{"@type":"ReadAction","target":["https:\/\/els-solutions.com\/en\/critical-medicines-act\/"]}]},{"@type":"ImageObject","inLanguage":"en-US","@id":"https:\/\/els-solutions.com\/en\/critical-medicines-act\/#primaryimage","url":"https:\/\/els-solutions.com\/cms\/wp-content\/uploads\/2025\/03\/Critical-Medicines-Act-1.png","contentUrl":"https:\/\/els-solutions.com\/cms\/wp-content\/uploads\/2025\/03\/Critical-Medicines-Act-1.png","width":1200,"height":600},{"@type":"BreadcrumbList","@id":"https:\/\/els-solutions.com\/en\/critical-medicines-act\/#breadcrumb","itemListElement":[{"@type":"ListItem","position":1,"name":"In\u00edcio","item":"https:\/\/els-solutions.com\/en\/"},{"@type":"ListItem","position":2,"name":"European Commission Presents Critical Medicines Act"}]},{"@type":"WebSite","@id":"https:\/\/els-solutions.com\/en\/#website","url":"https:\/\/els-solutions.com\/en\/","name":"ELS Group - Accelerating Innovation","description":"Assessoria estrat\u00e9gia para a Ind\u00fastria Farmac\u00eautica","publisher":{"@id":"https:\/\/els-solutions.com\/en\/#organization"},"potentialAction":[{"@type":"SearchAction","target":{"@type":"EntryPoint","urlTemplate":"https:\/\/els-solutions.com\/en\/?s={search_term_string}"},"query-input":{"@type":"PropertyValueSpecification","valueRequired":true,"valueName":"search_term_string"}}],"inLanguage":"en-US"},{"@type":"Organization","@id":"https:\/\/els-solutions.com\/en\/#organization","name":"ELS Group - Accelerating Innovation","url":"https:\/\/els-solutions.com\/en\/","logo":{"@type":"ImageObject","inLanguage":"en-US","@id":"https:\/\/els-solutions.com\/en\/#\/schema\/logo\/image\/","url":"https:\/\/els-solutions.com\/cms\/wp-content\/uploads\/2023\/08\/ELS-NewLogo-ColorBlack-1-e1691153715735.png","contentUrl":"https:\/\/els-solutions.com\/cms\/wp-content\/uploads\/2023\/08\/ELS-NewLogo-ColorBlack-1-e1691153715735.png","width":2226,"height":1080,"caption":"ELS Group - Accelerating Innovation"},"image":{"@id":"https:\/\/els-solutions.com\/en\/#\/schema\/logo\/image\/"},"sameAs":["https:\/\/www.facebook.com\/els.solutions\/"]},{"@type":"Person","@id":"https:\/\/els-solutions.com\/en\/#\/schema\/person\/9fb8dae537039679cfc537a000df6ca3","name":"Marketing ELS","image":{"@type":"ImageObject","inLanguage":"en-US","@id":"https:\/\/els-solutions.com\/en\/#\/schema\/person\/image\/","url":"https:\/\/secure.gravatar.com\/avatar\/b785df1d10c9806cc43fcea2dbf585b96a8761ff697010979d603fc5b7a9ca7b?s=96&d=mm&r=g","contentUrl":"https:\/\/secure.gravatar.com\/avatar\/b785df1d10c9806cc43fcea2dbf585b96a8761ff697010979d603fc5b7a9ca7b?s=96&d=mm&r=g","caption":"Marketing ELS"},"sameAs":["https:\/\/els-solutions.com\/"]}]}},"_links":{"self":[{"href":"https:\/\/els-solutions.com\/en\/wp-json\/wp\/v2\/posts\/8204","targetHints":{"allow":["GET"]}}],"collection":[{"href":"https:\/\/els-solutions.com\/en\/wp-json\/wp\/v2\/posts"}],"about":[{"href":"https:\/\/els-solutions.com\/en\/wp-json\/wp\/v2\/types\/post"}],"author":[{"embeddable":true,"href":"https:\/\/els-solutions.com\/en\/wp-json\/wp\/v2\/users\/9"}],"replies":[{"embeddable":true,"href":"https:\/\/els-solutions.com\/en\/wp-json\/wp\/v2\/comments?post=8204"}],"version-history":[{"count":1,"href":"https:\/\/els-solutions.com\/en\/wp-json\/wp\/v2\/posts\/8204\/revisions"}],"predecessor-version":[{"id":8209,"href":"https:\/\/els-solutions.com\/en\/wp-json\/wp\/v2\/posts\/8204\/revisions\/8209"}],"wp:featuredmedia":[{"embeddable":true,"href":"https:\/\/els-solutions.com\/en\/wp-json\/wp\/v2\/media\/8206"}],"wp:attachment":[{"href":"https:\/\/els-solutions.com\/en\/wp-json\/wp\/v2\/media?parent=8204"}],"wp:term":[{"taxonomy":"category","embeddable":true,"href":"https:\/\/els-solutions.com\/en\/wp-json\/wp\/v2\/categories?post=8204"},{"taxonomy":"post_tag","embeddable":true,"href":"https:\/\/els-solutions.com\/en\/wp-json\/wp\/v2\/tags?post=8204"}],"curies":[{"name":"wp","href":"https:\/\/api.w.org\/{rel}","templated":true}]}}