{"id":8230,"date":"2025-03-25T15:23:19","date_gmt":"2025-03-25T15:23:19","guid":{"rendered":"https:\/\/els-solutions.com\/cms\/dev\/?p=8230"},"modified":"2025-03-25T15:40:43","modified_gmt":"2025-03-25T15:40:43","slug":"cosmetic-products-in-portugal","status":"publish","type":"post","link":"https:\/\/els-solutions.com\/en\/cosmetic-products-in-portugal\/","title":{"rendered":"Decree-Law No. 23\/2025: New Rules for Cosmetic Products in Portugal"},"content":{"rendered":"<p><a href=\"https:\/\/files.diariodarepublica.pt\/1s\/2025\/03\/05500\/0003900050.pdf\"><strong>Decree-Law no. 23\/2025<\/strong><\/a> has been published, ensuring the implementation of <strong>Regulation (EC) no. 1223\/2009<\/strong> on cosmetic products. The decree comes into force on March 24, 2025 and establishes new rules to guarantee the safety of cosmetics on the Portuguese market.<\/p>\n<h3><strong>Objective of the Decree-Law<\/strong><\/h3>\n<p>The main objective is to guarantee the safety of cosmetic products available on the Portuguese market, protecting the health of consumers and ensuring the proper functioning of the internal market.<\/p>\n<h3><strong>Registration of Operators&#8217; Activities<\/strong><\/h3>\n<p>Economic operators who manufacture, import or distribute cosmetic products in Portugal must register their activity. This measure aims to increase control and safety over products on the market.<\/p>\n<h3><strong>Mandatory Information on Cosmetic Products<\/strong><\/h3>\n<p>The law defines standards for product labeling, including the obligation to include clear and specific information about cosmetics. It also stipulates the language to be used for the information.<\/p>\n<h3><strong>Standards for Non-Prepackaged Products<\/strong><\/h3>\n<p>Rules are established for cosmetic products that are not pre-packaged or that are packaged at the point of sale, ensuring that these products also comply with safety requirements.<\/p>\n<h3><strong>System for Reporting Undesirable Effects<\/strong><\/h3>\n<p>The Decree-Law provides for a system for reporting undesirable effects of cosmetic products. This involves health professionals, other professionals who use cosmetics in their activities, and consumers, with the aim of guaranteeing the continued safety of the products.<\/p>\n<h3><strong>Sanctions regime<\/strong><\/h3>\n<p>The decree also establishes a sanctioning regime for infringements of the provisions of the European regulation and national legislation, with penalties for operators who fail to comply with the established rules.<\/p>\n<p>With the entry into force of Decree-Law No. 23\/2025, Portugal strengthens the regulation of the cosmetics market, bringing it into line with European regulations and ensuring greater protection for consumers.<\/p>\n","protected":false},"excerpt":{"rendered":"<p>Decree-Law no. 23\/2025 has been published, ensuring the implementation of Regulation (EC) no. 1223\/2009 on cosmetic products. The decree comes into force on March 24, 2025 and establishes new rules to guarantee the safety of cosmetics on the Portuguese market.<\/p>\n","protected":false},"author":9,"featured_media":8232,"comment_status":"open","ping_status":"open","sticky":false,"template":"","format":"standard","meta":{"footnotes":""},"categories":[80,164,54,189,102,220,95],"tags":[82,98,62,103],"class_list":["post-8230","post","type-post","status-publish","format-standard","has-post-thumbnail","hentry","category-cosmetics","category-els-group-en","category-general","category-geral-en","category-noticias-en","category-portugal-en","category-regulations","tag-cosmetics","tag-ema-en","tag-news","tag-regulations"],"yoast_head":"<!-- This site is optimized with the Yoast SEO plugin v23.4 - https:\/\/yoast.com\/wordpress\/plugins\/seo\/ -->\n<title>New Rules for Cosmetic Products in Portugal<\/title>\n<meta name=\"description\" content=\"Decree-Law no. 23\/2025 has been published, ensuring the implementation of Regulation (EC) no. 1223\/2009 on cosmetic products.\" \/>\n<meta name=\"robots\" content=\"noindex, follow, max-snippet:-1, max-image-preview:large, max-video-preview:-1\" \/>\n<meta property=\"og:locale\" content=\"en_US\" \/>\n<meta property=\"og:type\" content=\"article\" \/>\n<meta property=\"og:title\" content=\"New Rules for Cosmetic Products in Portugal\" \/>\n<meta property=\"og:description\" content=\"Decree-Law no. 23\/2025 has been published, ensuring the implementation of Regulation (EC) no. 1223\/2009 on cosmetic products.\" \/>\n<meta property=\"og:url\" content=\"https:\/\/els-solutions.com\/en\/cosmetic-products-in-portugal\/\" \/>\n<meta property=\"og:site_name\" content=\"ELS Group - Accelerating Innovation\" \/>\n<meta property=\"article:publisher\" content=\"https:\/\/www.facebook.com\/els.solutions\/\" \/>\n<meta property=\"article:published_time\" content=\"2025-03-25T15:23:19+00:00\" \/>\n<meta property=\"article:modified_time\" content=\"2025-03-25T15:40:43+00:00\" \/>\n<meta property=\"og:image\" content=\"https:\/\/els-solutions.com\/cms\/wp-content\/uploads\/2025\/03\/Cosmetic-Products-in-Portugal.png\" \/>\n\t<meta property=\"og:image:width\" content=\"1200\" \/>\n\t<meta property=\"og:image:height\" content=\"600\" \/>\n\t<meta property=\"og:image:type\" content=\"image\/png\" \/>\n<meta name=\"author\" content=\"Marketing ELS\" \/>\n<meta name=\"twitter:card\" content=\"summary_large_image\" \/>\n<meta name=\"twitter:label1\" content=\"Written by\" \/>\n\t<meta name=\"twitter:data1\" content=\"Marketing ELS\" \/>\n\t<meta name=\"twitter:label2\" content=\"Est. reading time\" \/>\n\t<meta name=\"twitter:data2\" content=\"2 minutes\" \/>\n<script type=\"application\/ld+json\" class=\"yoast-schema-graph\">{\"@context\":\"https:\/\/schema.org\",\"@graph\":[{\"@type\":\"Article\",\"@id\":\"https:\/\/els-solutions.com\/en\/cosmetic-products-in-portugal\/#article\",\"isPartOf\":{\"@id\":\"https:\/\/els-solutions.com\/en\/cosmetic-products-in-portugal\/\"},\"author\":{\"name\":\"Marketing ELS\",\"@id\":\"https:\/\/els-solutions.com\/en\/#\/schema\/person\/9fb8dae537039679cfc537a000df6ca3\"},\"headline\":\"Decree-Law No. 23\/2025: New Rules for Cosmetic Products in Portugal\",\"datePublished\":\"2025-03-25T15:23:19+00:00\",\"dateModified\":\"2025-03-25T15:40:43+00:00\",\"mainEntityOfPage\":{\"@id\":\"https:\/\/els-solutions.com\/en\/cosmetic-products-in-portugal\/\"},\"wordCount\":282,\"commentCount\":0,\"publisher\":{\"@id\":\"https:\/\/els-solutions.com\/en\/#organization\"},\"image\":{\"@id\":\"https:\/\/els-solutions.com\/en\/cosmetic-products-in-portugal\/#primaryimage\"},\"thumbnailUrl\":\"https:\/\/els-solutions.com\/cms\/wp-content\/uploads\/2025\/03\/Cosmetic-Products-in-Portugal.png\",\"keywords\":[\"Cosmetics\",\"EMA\",\"News\",\"regulations\"],\"articleSection\":[\"Cosmetics\",\"ELS Group\",\"General\",\"Geral\",\"Not\u00edcias\",\"Portugal\",\"regulations\"],\"inLanguage\":\"en-US\",\"potentialAction\":[{\"@type\":\"CommentAction\",\"name\":\"Comment\",\"target\":[\"https:\/\/els-solutions.com\/en\/cosmetic-products-in-portugal\/#respond\"]}]},{\"@type\":\"WebPage\",\"@id\":\"https:\/\/els-solutions.com\/en\/cosmetic-products-in-portugal\/\",\"url\":\"https:\/\/els-solutions.com\/en\/cosmetic-products-in-portugal\/\",\"name\":\"New Rules for Cosmetic Products in Portugal\",\"isPartOf\":{\"@id\":\"https:\/\/els-solutions.com\/en\/#website\"},\"primaryImageOfPage\":{\"@id\":\"https:\/\/els-solutions.com\/en\/cosmetic-products-in-portugal\/#primaryimage\"},\"image\":{\"@id\":\"https:\/\/els-solutions.com\/en\/cosmetic-products-in-portugal\/#primaryimage\"},\"thumbnailUrl\":\"https:\/\/els-solutions.com\/cms\/wp-content\/uploads\/2025\/03\/Cosmetic-Products-in-Portugal.png\",\"datePublished\":\"2025-03-25T15:23:19+00:00\",\"dateModified\":\"2025-03-25T15:40:43+00:00\",\"description\":\"Decree-Law no. 23\/2025 has been published, ensuring the implementation of Regulation (EC) no. 1223\/2009 on cosmetic products.\",\"breadcrumb\":{\"@id\":\"https:\/\/els-solutions.com\/en\/cosmetic-products-in-portugal\/#breadcrumb\"},\"inLanguage\":\"en-US\",\"potentialAction\":[{\"@type\":\"ReadAction\",\"target\":[\"https:\/\/els-solutions.com\/en\/cosmetic-products-in-portugal\/\"]}]},{\"@type\":\"ImageObject\",\"inLanguage\":\"en-US\",\"@id\":\"https:\/\/els-solutions.com\/en\/cosmetic-products-in-portugal\/#primaryimage\",\"url\":\"https:\/\/els-solutions.com\/cms\/wp-content\/uploads\/2025\/03\/Cosmetic-Products-in-Portugal.png\",\"contentUrl\":\"https:\/\/els-solutions.com\/cms\/wp-content\/uploads\/2025\/03\/Cosmetic-Products-in-Portugal.png\",\"width\":1200,\"height\":600},{\"@type\":\"BreadcrumbList\",\"@id\":\"https:\/\/els-solutions.com\/en\/cosmetic-products-in-portugal\/#breadcrumb\",\"itemListElement\":[{\"@type\":\"ListItem\",\"position\":1,\"name\":\"In\u00edcio\",\"item\":\"https:\/\/els-solutions.com\/en\/\"},{\"@type\":\"ListItem\",\"position\":2,\"name\":\"Decree-Law No. 23\/2025: New Rules for Cosmetic Products in Portugal\"}]},{\"@type\":\"WebSite\",\"@id\":\"https:\/\/els-solutions.com\/en\/#website\",\"url\":\"https:\/\/els-solutions.com\/en\/\",\"name\":\"ELS Group - Accelerating Innovation\",\"description\":\"Assessoria estrat\u00e9gia para a Ind\u00fastria Farmac\u00eautica\",\"publisher\":{\"@id\":\"https:\/\/els-solutions.com\/en\/#organization\"},\"potentialAction\":[{\"@type\":\"SearchAction\",\"target\":{\"@type\":\"EntryPoint\",\"urlTemplate\":\"https:\/\/els-solutions.com\/en\/?s={search_term_string}\"},\"query-input\":{\"@type\":\"PropertyValueSpecification\",\"valueRequired\":true,\"valueName\":\"search_term_string\"}}],\"inLanguage\":\"en-US\"},{\"@type\":\"Organization\",\"@id\":\"https:\/\/els-solutions.com\/en\/#organization\",\"name\":\"ELS Group - Accelerating Innovation\",\"url\":\"https:\/\/els-solutions.com\/en\/\",\"logo\":{\"@type\":\"ImageObject\",\"inLanguage\":\"en-US\",\"@id\":\"https:\/\/els-solutions.com\/en\/#\/schema\/logo\/image\/\",\"url\":\"https:\/\/els-solutions.com\/cms\/wp-content\/uploads\/2023\/08\/ELS-NewLogo-ColorBlack-1-e1691153715735.png\",\"contentUrl\":\"https:\/\/els-solutions.com\/cms\/wp-content\/uploads\/2023\/08\/ELS-NewLogo-ColorBlack-1-e1691153715735.png\",\"width\":2226,\"height\":1080,\"caption\":\"ELS Group - Accelerating Innovation\"},\"image\":{\"@id\":\"https:\/\/els-solutions.com\/en\/#\/schema\/logo\/image\/\"},\"sameAs\":[\"https:\/\/www.facebook.com\/els.solutions\/\"]},{\"@type\":\"Person\",\"@id\":\"https:\/\/els-solutions.com\/en\/#\/schema\/person\/9fb8dae537039679cfc537a000df6ca3\",\"name\":\"Marketing ELS\",\"image\":{\"@type\":\"ImageObject\",\"inLanguage\":\"en-US\",\"@id\":\"https:\/\/els-solutions.com\/en\/#\/schema\/person\/image\/\",\"url\":\"https:\/\/secure.gravatar.com\/avatar\/b785df1d10c9806cc43fcea2dbf585b96a8761ff697010979d603fc5b7a9ca7b?s=96&d=mm&r=g\",\"contentUrl\":\"https:\/\/secure.gravatar.com\/avatar\/b785df1d10c9806cc43fcea2dbf585b96a8761ff697010979d603fc5b7a9ca7b?s=96&d=mm&r=g\",\"caption\":\"Marketing ELS\"},\"sameAs\":[\"https:\/\/els-solutions.com\/\"]}]}<\/script>\n<!-- \/ Yoast SEO plugin. -->","yoast_head_json":{"title":"New Rules for Cosmetic Products in Portugal","description":"Decree-Law no. 23\/2025 has been published, ensuring the implementation of Regulation (EC) no. 1223\/2009 on cosmetic products.","robots":{"index":"noindex","follow":"follow","max-snippet":"max-snippet:-1","max-image-preview":"max-image-preview:large","max-video-preview":"max-video-preview:-1"},"og_locale":"en_US","og_type":"article","og_title":"New Rules for Cosmetic Products in Portugal","og_description":"Decree-Law no. 23\/2025 has been published, ensuring the implementation of Regulation (EC) no. 1223\/2009 on cosmetic products.","og_url":"https:\/\/els-solutions.com\/en\/cosmetic-products-in-portugal\/","og_site_name":"ELS Group - Accelerating Innovation","article_publisher":"https:\/\/www.facebook.com\/els.solutions\/","article_published_time":"2025-03-25T15:23:19+00:00","article_modified_time":"2025-03-25T15:40:43+00:00","og_image":[{"width":1200,"height":600,"url":"https:\/\/els-solutions.com\/cms\/wp-content\/uploads\/2025\/03\/Cosmetic-Products-in-Portugal.png","type":"image\/png"}],"author":"Marketing ELS","twitter_card":"summary_large_image","twitter_misc":{"Written by":"Marketing ELS","Est. reading time":"2 minutes"},"schema":{"@context":"https:\/\/schema.org","@graph":[{"@type":"Article","@id":"https:\/\/els-solutions.com\/en\/cosmetic-products-in-portugal\/#article","isPartOf":{"@id":"https:\/\/els-solutions.com\/en\/cosmetic-products-in-portugal\/"},"author":{"name":"Marketing ELS","@id":"https:\/\/els-solutions.com\/en\/#\/schema\/person\/9fb8dae537039679cfc537a000df6ca3"},"headline":"Decree-Law No. 23\/2025: New Rules for Cosmetic Products in Portugal","datePublished":"2025-03-25T15:23:19+00:00","dateModified":"2025-03-25T15:40:43+00:00","mainEntityOfPage":{"@id":"https:\/\/els-solutions.com\/en\/cosmetic-products-in-portugal\/"},"wordCount":282,"commentCount":0,"publisher":{"@id":"https:\/\/els-solutions.com\/en\/#organization"},"image":{"@id":"https:\/\/els-solutions.com\/en\/cosmetic-products-in-portugal\/#primaryimage"},"thumbnailUrl":"https:\/\/els-solutions.com\/cms\/wp-content\/uploads\/2025\/03\/Cosmetic-Products-in-Portugal.png","keywords":["Cosmetics","EMA","News","regulations"],"articleSection":["Cosmetics","ELS Group","General","Geral","Not\u00edcias","Portugal","regulations"],"inLanguage":"en-US","potentialAction":[{"@type":"CommentAction","name":"Comment","target":["https:\/\/els-solutions.com\/en\/cosmetic-products-in-portugal\/#respond"]}]},{"@type":"WebPage","@id":"https:\/\/els-solutions.com\/en\/cosmetic-products-in-portugal\/","url":"https:\/\/els-solutions.com\/en\/cosmetic-products-in-portugal\/","name":"New Rules for Cosmetic Products in Portugal","isPartOf":{"@id":"https:\/\/els-solutions.com\/en\/#website"},"primaryImageOfPage":{"@id":"https:\/\/els-solutions.com\/en\/cosmetic-products-in-portugal\/#primaryimage"},"image":{"@id":"https:\/\/els-solutions.com\/en\/cosmetic-products-in-portugal\/#primaryimage"},"thumbnailUrl":"https:\/\/els-solutions.com\/cms\/wp-content\/uploads\/2025\/03\/Cosmetic-Products-in-Portugal.png","datePublished":"2025-03-25T15:23:19+00:00","dateModified":"2025-03-25T15:40:43+00:00","description":"Decree-Law no. 23\/2025 has been published, ensuring the implementation of Regulation (EC) no. 1223\/2009 on cosmetic products.","breadcrumb":{"@id":"https:\/\/els-solutions.com\/en\/cosmetic-products-in-portugal\/#breadcrumb"},"inLanguage":"en-US","potentialAction":[{"@type":"ReadAction","target":["https:\/\/els-solutions.com\/en\/cosmetic-products-in-portugal\/"]}]},{"@type":"ImageObject","inLanguage":"en-US","@id":"https:\/\/els-solutions.com\/en\/cosmetic-products-in-portugal\/#primaryimage","url":"https:\/\/els-solutions.com\/cms\/wp-content\/uploads\/2025\/03\/Cosmetic-Products-in-Portugal.png","contentUrl":"https:\/\/els-solutions.com\/cms\/wp-content\/uploads\/2025\/03\/Cosmetic-Products-in-Portugal.png","width":1200,"height":600},{"@type":"BreadcrumbList","@id":"https:\/\/els-solutions.com\/en\/cosmetic-products-in-portugal\/#breadcrumb","itemListElement":[{"@type":"ListItem","position":1,"name":"In\u00edcio","item":"https:\/\/els-solutions.com\/en\/"},{"@type":"ListItem","position":2,"name":"Decree-Law No. 23\/2025: New Rules for Cosmetic Products in Portugal"}]},{"@type":"WebSite","@id":"https:\/\/els-solutions.com\/en\/#website","url":"https:\/\/els-solutions.com\/en\/","name":"ELS Group - Accelerating Innovation","description":"Assessoria estrat\u00e9gia para a Ind\u00fastria Farmac\u00eautica","publisher":{"@id":"https:\/\/els-solutions.com\/en\/#organization"},"potentialAction":[{"@type":"SearchAction","target":{"@type":"EntryPoint","urlTemplate":"https:\/\/els-solutions.com\/en\/?s={search_term_string}"},"query-input":{"@type":"PropertyValueSpecification","valueRequired":true,"valueName":"search_term_string"}}],"inLanguage":"en-US"},{"@type":"Organization","@id":"https:\/\/els-solutions.com\/en\/#organization","name":"ELS Group - Accelerating Innovation","url":"https:\/\/els-solutions.com\/en\/","logo":{"@type":"ImageObject","inLanguage":"en-US","@id":"https:\/\/els-solutions.com\/en\/#\/schema\/logo\/image\/","url":"https:\/\/els-solutions.com\/cms\/wp-content\/uploads\/2023\/08\/ELS-NewLogo-ColorBlack-1-e1691153715735.png","contentUrl":"https:\/\/els-solutions.com\/cms\/wp-content\/uploads\/2023\/08\/ELS-NewLogo-ColorBlack-1-e1691153715735.png","width":2226,"height":1080,"caption":"ELS Group - Accelerating Innovation"},"image":{"@id":"https:\/\/els-solutions.com\/en\/#\/schema\/logo\/image\/"},"sameAs":["https:\/\/www.facebook.com\/els.solutions\/"]},{"@type":"Person","@id":"https:\/\/els-solutions.com\/en\/#\/schema\/person\/9fb8dae537039679cfc537a000df6ca3","name":"Marketing ELS","image":{"@type":"ImageObject","inLanguage":"en-US","@id":"https:\/\/els-solutions.com\/en\/#\/schema\/person\/image\/","url":"https:\/\/secure.gravatar.com\/avatar\/b785df1d10c9806cc43fcea2dbf585b96a8761ff697010979d603fc5b7a9ca7b?s=96&d=mm&r=g","contentUrl":"https:\/\/secure.gravatar.com\/avatar\/b785df1d10c9806cc43fcea2dbf585b96a8761ff697010979d603fc5b7a9ca7b?s=96&d=mm&r=g","caption":"Marketing ELS"},"sameAs":["https:\/\/els-solutions.com\/"]}]}},"_links":{"self":[{"href":"https:\/\/els-solutions.com\/en\/wp-json\/wp\/v2\/posts\/8230","targetHints":{"allow":["GET"]}}],"collection":[{"href":"https:\/\/els-solutions.com\/en\/wp-json\/wp\/v2\/posts"}],"about":[{"href":"https:\/\/els-solutions.com\/en\/wp-json\/wp\/v2\/types\/post"}],"author":[{"embeddable":true,"href":"https:\/\/els-solutions.com\/en\/wp-json\/wp\/v2\/users\/9"}],"replies":[{"embeddable":true,"href":"https:\/\/els-solutions.com\/en\/wp-json\/wp\/v2\/comments?post=8230"}],"version-history":[{"count":1,"href":"https:\/\/els-solutions.com\/en\/wp-json\/wp\/v2\/posts\/8230\/revisions"}],"predecessor-version":[{"id":8235,"href":"https:\/\/els-solutions.com\/en\/wp-json\/wp\/v2\/posts\/8230\/revisions\/8235"}],"wp:featuredmedia":[{"embeddable":true,"href":"https:\/\/els-solutions.com\/en\/wp-json\/wp\/v2\/media\/8232"}],"wp:attachment":[{"href":"https:\/\/els-solutions.com\/en\/wp-json\/wp\/v2\/media?parent=8230"}],"wp:term":[{"taxonomy":"category","embeddable":true,"href":"https:\/\/els-solutions.com\/en\/wp-json\/wp\/v2\/categories?post=8230"},{"taxonomy":"post_tag","embeddable":true,"href":"https:\/\/els-solutions.com\/en\/wp-json\/wp\/v2\/tags?post=8230"}],"curies":[{"name":"wp","href":"https:\/\/api.w.org\/{rel}","templated":true}]}}