{"id":5403,"date":"2023-08-10T15:21:13","date_gmt":"2023-08-10T14:21:13","guid":{"rendered":"https:\/\/els-solutions.com\/cms\/dev\/?p=5403"},"modified":"2024-02-20T15:34:37","modified_gmt":"2024-02-20T15:34:37","slug":"a-nossa-equipa-esteve-presente-na-naturaltech-em-sao-paulo","status":"publish","type":"post","link":"https:\/\/els-solutions.com\/pt-pt\/a-nossa-equipa-esteve-presente-na-naturaltech-em-sao-paulo\/","title":{"rendered":"A nossa equipa esteve presente na Naturaltech em S\u00e3o Paulo"},"content":{"rendered":"<\/p>\n<div>\n<div><span class=\" author-d-iz88z86z86za0dz67zz78zz78zz74zz68zjz80zz71z9iz90z9z84zmz66zz71znz68znz69zz87z3z89zhz65zz89zybhz84zz79zkwtz79zsz76zdz122zjz80z7\">A nossa equipa esteve presente na Naturaltech em S\u00e3o Paulo! <\/span><\/div>\n<div><span class=\" author-d-iz88z86z86za0dz67zz78zz78zz74zz68zjz80zz71z9iz90z9z84zmz66zz71znz68znz69zz87z3z89zhz65zz89zybhz84zz79zkwtz79zsz76zdz122zjz80z7\">A NATURALTECH \u00e9 a maior feira de produtos naturais de toda a Am\u00e9rica Latina. Refer\u00eancia em neg\u00f3cios no segmento, o evento re\u00fane marcas de produtos naturais, alimentos integrais, probi\u00f3ticos, fitoter\u00e1picos, tratamentos complementares, nutri\u00e7\u00e3o esportiva e est\u00e9tica, e muito mais.<\/span><\/div>\n<div><span class=\" author-d-iz88z86z86za0dz67zz78zz78zz74zz68zjz80zz71z9iz90z9z84zmz66zz71znz68znz69zz87z3z89zhz65zz89zybhz84zz79zkwtz79zsz76zdz122zjz80z7\">\u00c9 o encontro anual de neg\u00f3cios, palco oficial de centenas de lan\u00e7amentos das marcas expositoras, experi\u00eancia, atualiza\u00e7\u00e3o, relacionamento entre lojistas, profissionais e consumidores. Fic\u00e1mos muito contentes por estar l\u00e1 e descobrir novas oportunidades de neg\u00f3cio!<\/span><\/div>\n<\/div>\n<div><\/div>\n<div><span class=\" author-d-1gg9uz65z1iz85zgdz68zmqkz84zo2qowz80ziz80zz82zez72zz76z5z72zhhmbfef1az79zaez89zz79zz72zadtz83zanz75z\">A ELS pode e consegue registrar todos os tipos de medicamentos na Europa e LATAM,<\/span><span class=\" author-d-iz88z86z86za0dz67zz78zz78zz74zz68zjz80zz71z9iz90z9z84zmz66zz71znz68znz69zz87z3z89zhz65zz89zybhz84zz79zkwtz79zsz76zdz122zjz80z7\"> assim como assegurar a sua distribui\u00e7\u00e3o.<\/span><\/div>\n<div>\n<p class=\"p1\">Por favor entre em contato com o seu\u00a0<a href=\"https:\/\/els-solutions.com\/onde-estamos\/\"><span class=\"s1\">consultor local da ELS<\/span><\/a>\u00a0ou atrav\u00e9s do email: info@elssolutions.pt<\/p>\n<\/div>\n<p>\n","protected":false},"excerpt":{"rendered":"<p>A NATURALTECH \u00e9 a maior feira de produtos naturais em toda a Am\u00e9rica Latina<\/p>\n","protected":false},"author":9,"featured_media":5322,"comment_status":"open","ping_status":"open","sticky":false,"template":"","format":"standard","meta":{"footnotes":""},"categories":[53],"tags":[],"class_list":["post-5403","post","type-post","status-publish","format-standard","has-post-thumbnail","hentry","category-geral"],"yoast_head":"<!-- This site is optimized with the Yoast SEO plugin v23.4 - https:\/\/yoast.com\/wordpress\/plugins\/seo\/ -->\n<title>ELS Solutions na NATURALTECH em S\u00e3o Paulo<\/title>\n<meta name=\"description\" content=\"A NATURALTECH \u00e9 a maior feira de produtos naturais de toda a Am\u00e9rica Latina. Refer\u00eancia em neg\u00f3cios no segmento.\" \/>\n<meta name=\"robots\" content=\"noindex, follow, max-snippet:-1, max-image-preview:large, max-video-preview:-1\" \/>\n<meta property=\"og:locale\" content=\"pt_PT\" \/>\n<meta property=\"og:type\" content=\"article\" \/>\n<meta property=\"og:title\" content=\"A nossa equipa esteve presente na Naturaltech em S\u00e3o Paulo\" \/>\n<meta property=\"og:description\" content=\"A NATURALTECH \u00e9 a maior feira de produtos naturais em toda a Am\u00e9rica Latina\" \/>\n<meta property=\"og:url\" content=\"https:\/\/els-solutions.com\/pt-pt\/a-nossa-equipa-esteve-presente-na-naturaltech-em-sao-paulo\/\" \/>\n<meta property=\"og:site_name\" content=\"ELS Group - Accelerating Innovation\" \/>\n<meta property=\"article:publisher\" content=\"https:\/\/www.facebook.com\/els.solutions\/\" \/>\n<meta property=\"article:published_time\" content=\"2023-08-10T14:21:13+00:00\" \/>\n<meta property=\"article:modified_time\" content=\"2024-02-20T15:34:37+00:00\" \/>\n<meta property=\"og:image\" content=\"https:\/\/els-solutions.com\/cms\/wp-content\/uploads\/2023\/08\/ELS-Solutions-Naturaltech-Fair-Natural-Products.png\" \/>\n\t<meta property=\"og:image:width\" content=\"1200\" \/>\n\t<meta property=\"og:image:height\" content=\"600\" \/>\n\t<meta property=\"og:image:type\" content=\"image\/png\" \/>\n<meta name=\"author\" content=\"Marketing ELS\" \/>\n<meta name=\"twitter:card\" content=\"summary_large_image\" \/>\n<meta name=\"twitter:label1\" content=\"Escrito por\" \/>\n\t<meta name=\"twitter:data1\" content=\"Marketing ELS\" \/>\n\t<meta name=\"twitter:label2\" content=\"Tempo estimado de leitura\" \/>\n\t<meta name=\"twitter:data2\" content=\"3 minutos\" \/>\n<script type=\"application\/ld+json\" class=\"yoast-schema-graph\">{\"@context\":\"https:\/\/schema.org\",\"@graph\":[{\"@type\":\"Article\",\"@id\":\"https:\/\/els-solutions.com\/pt-pt\/a-nossa-equipa-esteve-presente-na-naturaltech-em-sao-paulo\/#article\",\"isPartOf\":{\"@id\":\"https:\/\/els-solutions.com\/pt-pt\/a-nossa-equipa-esteve-presente-na-naturaltech-em-sao-paulo\/\"},\"author\":{\"name\":\"Marketing ELS\",\"@id\":\"https:\/\/els-solutions.com\/pt-pt\/#\/schema\/person\/9fb8dae537039679cfc537a000df6ca3\"},\"headline\":\"A nossa equipa esteve presente na Naturaltech em S\u00e3o Paulo\",\"datePublished\":\"2023-08-10T14:21:13+00:00\",\"dateModified\":\"2024-02-20T15:34:37+00:00\",\"mainEntityOfPage\":{\"@id\":\"https:\/\/els-solutions.com\/pt-pt\/a-nossa-equipa-esteve-presente-na-naturaltech-em-sao-paulo\/\"},\"wordCount\":1087,\"commentCount\":0,\"publisher\":{\"@id\":\"https:\/\/els-solutions.com\/pt-pt\/#organization\"},\"image\":{\"@id\":\"https:\/\/els-solutions.com\/pt-pt\/a-nossa-equipa-esteve-presente-na-naturaltech-em-sao-paulo\/#primaryimage\"},\"thumbnailUrl\":\"https:\/\/els-solutions.com\/cms\/wp-content\/uploads\/2023\/08\/ELS-Solutions-Naturaltech-Fair-Natural-Products.png\",\"articleSection\":[\"Geral\"],\"inLanguage\":\"pt-PT\",\"potentialAction\":[{\"@type\":\"CommentAction\",\"name\":\"Comment\",\"target\":[\"https:\/\/els-solutions.com\/pt-pt\/a-nossa-equipa-esteve-presente-na-naturaltech-em-sao-paulo\/#respond\"]}]},{\"@type\":\"WebPage\",\"@id\":\"https:\/\/els-solutions.com\/pt-pt\/a-nossa-equipa-esteve-presente-na-naturaltech-em-sao-paulo\/\",\"url\":\"https:\/\/els-solutions.com\/pt-pt\/a-nossa-equipa-esteve-presente-na-naturaltech-em-sao-paulo\/\",\"name\":\"ELS Solutions na NATURALTECH em S\u00e3o Paulo\",\"isPartOf\":{\"@id\":\"https:\/\/els-solutions.com\/pt-pt\/#website\"},\"primaryImageOfPage\":{\"@id\":\"https:\/\/els-solutions.com\/pt-pt\/a-nossa-equipa-esteve-presente-na-naturaltech-em-sao-paulo\/#primaryimage\"},\"image\":{\"@id\":\"https:\/\/els-solutions.com\/pt-pt\/a-nossa-equipa-esteve-presente-na-naturaltech-em-sao-paulo\/#primaryimage\"},\"thumbnailUrl\":\"https:\/\/els-solutions.com\/cms\/wp-content\/uploads\/2023\/08\/ELS-Solutions-Naturaltech-Fair-Natural-Products.png\",\"datePublished\":\"2023-08-10T14:21:13+00:00\",\"dateModified\":\"2024-02-20T15:34:37+00:00\",\"description\":\"A NATURALTECH \u00e9 a maior feira de produtos naturais de toda a Am\u00e9rica Latina. Refer\u00eancia em neg\u00f3cios no segmento.\",\"breadcrumb\":{\"@id\":\"https:\/\/els-solutions.com\/pt-pt\/a-nossa-equipa-esteve-presente-na-naturaltech-em-sao-paulo\/#breadcrumb\"},\"inLanguage\":\"pt-PT\",\"potentialAction\":[{\"@type\":\"ReadAction\",\"target\":[\"https:\/\/els-solutions.com\/pt-pt\/a-nossa-equipa-esteve-presente-na-naturaltech-em-sao-paulo\/\"]}]},{\"@type\":\"ImageObject\",\"inLanguage\":\"pt-PT\",\"@id\":\"https:\/\/els-solutions.com\/pt-pt\/a-nossa-equipa-esteve-presente-na-naturaltech-em-sao-paulo\/#primaryimage\",\"url\":\"https:\/\/els-solutions.com\/cms\/wp-content\/uploads\/2023\/08\/ELS-Solutions-Naturaltech-Fair-Natural-Products.png\",\"contentUrl\":\"https:\/\/els-solutions.com\/cms\/wp-content\/uploads\/2023\/08\/ELS-Solutions-Naturaltech-Fair-Natural-Products.png\",\"width\":1200,\"height\":600,\"caption\":\"A nossa equipa esteve presente na Naturaltech em S\u00e3o Paulo\"},{\"@type\":\"BreadcrumbList\",\"@id\":\"https:\/\/els-solutions.com\/pt-pt\/a-nossa-equipa-esteve-presente-na-naturaltech-em-sao-paulo\/#breadcrumb\",\"itemListElement\":[{\"@type\":\"ListItem\",\"position\":1,\"name\":\"In\u00edcio\",\"item\":\"https:\/\/els-solutions.com\/pt-pt\/\"},{\"@type\":\"ListItem\",\"position\":2,\"name\":\"A nossa equipa esteve presente na Naturaltech em S\u00e3o Paulo\"}]},{\"@type\":\"WebSite\",\"@id\":\"https:\/\/els-solutions.com\/pt-pt\/#website\",\"url\":\"https:\/\/els-solutions.com\/pt-pt\/\",\"name\":\"ELS Group - Accelerating Innovation\",\"description\":\"Assessoria estrat\u00e9gia para a Ind\u00fastria Farmac\u00eautica\",\"publisher\":{\"@id\":\"https:\/\/els-solutions.com\/pt-pt\/#organization\"},\"potentialAction\":[{\"@type\":\"SearchAction\",\"target\":{\"@type\":\"EntryPoint\",\"urlTemplate\":\"https:\/\/els-solutions.com\/pt-pt\/?s={search_term_string}\"},\"query-input\":{\"@type\":\"PropertyValueSpecification\",\"valueRequired\":true,\"valueName\":\"search_term_string\"}}],\"inLanguage\":\"pt-PT\"},{\"@type\":\"Organization\",\"@id\":\"https:\/\/els-solutions.com\/pt-pt\/#organization\",\"name\":\"ELS Group - Accelerating Innovation\",\"url\":\"https:\/\/els-solutions.com\/pt-pt\/\",\"logo\":{\"@type\":\"ImageObject\",\"inLanguage\":\"pt-PT\",\"@id\":\"https:\/\/els-solutions.com\/pt-pt\/#\/schema\/logo\/image\/\",\"url\":\"https:\/\/els-solutions.com\/cms\/wp-content\/uploads\/2023\/08\/ELS-NewLogo-ColorBlack-1-e1691153715735.png\",\"contentUrl\":\"https:\/\/els-solutions.com\/cms\/wp-content\/uploads\/2023\/08\/ELS-NewLogo-ColorBlack-1-e1691153715735.png\",\"width\":2226,\"height\":1080,\"caption\":\"ELS Group - Accelerating Innovation\"},\"image\":{\"@id\":\"https:\/\/els-solutions.com\/pt-pt\/#\/schema\/logo\/image\/\"},\"sameAs\":[\"https:\/\/www.facebook.com\/els.solutions\/\"]},{\"@type\":\"Person\",\"@id\":\"https:\/\/els-solutions.com\/pt-pt\/#\/schema\/person\/9fb8dae537039679cfc537a000df6ca3\",\"name\":\"Marketing ELS\",\"image\":{\"@type\":\"ImageObject\",\"inLanguage\":\"pt-PT\",\"@id\":\"https:\/\/els-solutions.com\/pt-pt\/#\/schema\/person\/image\/\",\"url\":\"https:\/\/secure.gravatar.com\/avatar\/b785df1d10c9806cc43fcea2dbf585b96a8761ff697010979d603fc5b7a9ca7b?s=96&d=mm&r=g\",\"contentUrl\":\"https:\/\/secure.gravatar.com\/avatar\/b785df1d10c9806cc43fcea2dbf585b96a8761ff697010979d603fc5b7a9ca7b?s=96&d=mm&r=g\",\"caption\":\"Marketing ELS\"},\"sameAs\":[\"https:\/\/els-solutions.com\/\"]}]}<\/script>\n<!-- \/ Yoast SEO plugin. -->","yoast_head_json":{"title":"ELS Solutions na NATURALTECH em S\u00e3o Paulo","description":"A NATURALTECH \u00e9 a maior feira de produtos naturais de toda a Am\u00e9rica Latina. Refer\u00eancia em neg\u00f3cios no segmento.","robots":{"index":"noindex","follow":"follow","max-snippet":"max-snippet:-1","max-image-preview":"max-image-preview:large","max-video-preview":"max-video-preview:-1"},"og_locale":"pt_PT","og_type":"article","og_title":"A nossa equipa esteve presente na Naturaltech em S\u00e3o Paulo","og_description":"A NATURALTECH \u00e9 a maior feira de produtos naturais em toda a Am\u00e9rica Latina","og_url":"https:\/\/els-solutions.com\/pt-pt\/a-nossa-equipa-esteve-presente-na-naturaltech-em-sao-paulo\/","og_site_name":"ELS Group - Accelerating Innovation","article_publisher":"https:\/\/www.facebook.com\/els.solutions\/","article_published_time":"2023-08-10T14:21:13+00:00","article_modified_time":"2024-02-20T15:34:37+00:00","og_image":[{"width":1200,"height":600,"url":"https:\/\/els-solutions.com\/cms\/wp-content\/uploads\/2023\/08\/ELS-Solutions-Naturaltech-Fair-Natural-Products.png","type":"image\/png"}],"author":"Marketing ELS","twitter_card":"summary_large_image","twitter_misc":{"Escrito por":"Marketing ELS","Tempo estimado de leitura":"3 minutos"},"schema":{"@context":"https:\/\/schema.org","@graph":[{"@type":"Article","@id":"https:\/\/els-solutions.com\/pt-pt\/a-nossa-equipa-esteve-presente-na-naturaltech-em-sao-paulo\/#article","isPartOf":{"@id":"https:\/\/els-solutions.com\/pt-pt\/a-nossa-equipa-esteve-presente-na-naturaltech-em-sao-paulo\/"},"author":{"name":"Marketing ELS","@id":"https:\/\/els-solutions.com\/pt-pt\/#\/schema\/person\/9fb8dae537039679cfc537a000df6ca3"},"headline":"A nossa equipa esteve presente na Naturaltech em S\u00e3o Paulo","datePublished":"2023-08-10T14:21:13+00:00","dateModified":"2024-02-20T15:34:37+00:00","mainEntityOfPage":{"@id":"https:\/\/els-solutions.com\/pt-pt\/a-nossa-equipa-esteve-presente-na-naturaltech-em-sao-paulo\/"},"wordCount":1087,"commentCount":0,"publisher":{"@id":"https:\/\/els-solutions.com\/pt-pt\/#organization"},"image":{"@id":"https:\/\/els-solutions.com\/pt-pt\/a-nossa-equipa-esteve-presente-na-naturaltech-em-sao-paulo\/#primaryimage"},"thumbnailUrl":"https:\/\/els-solutions.com\/cms\/wp-content\/uploads\/2023\/08\/ELS-Solutions-Naturaltech-Fair-Natural-Products.png","articleSection":["Geral"],"inLanguage":"pt-PT","potentialAction":[{"@type":"CommentAction","name":"Comment","target":["https:\/\/els-solutions.com\/pt-pt\/a-nossa-equipa-esteve-presente-na-naturaltech-em-sao-paulo\/#respond"]}]},{"@type":"WebPage","@id":"https:\/\/els-solutions.com\/pt-pt\/a-nossa-equipa-esteve-presente-na-naturaltech-em-sao-paulo\/","url":"https:\/\/els-solutions.com\/pt-pt\/a-nossa-equipa-esteve-presente-na-naturaltech-em-sao-paulo\/","name":"ELS Solutions na NATURALTECH em S\u00e3o Paulo","isPartOf":{"@id":"https:\/\/els-solutions.com\/pt-pt\/#website"},"primaryImageOfPage":{"@id":"https:\/\/els-solutions.com\/pt-pt\/a-nossa-equipa-esteve-presente-na-naturaltech-em-sao-paulo\/#primaryimage"},"image":{"@id":"https:\/\/els-solutions.com\/pt-pt\/a-nossa-equipa-esteve-presente-na-naturaltech-em-sao-paulo\/#primaryimage"},"thumbnailUrl":"https:\/\/els-solutions.com\/cms\/wp-content\/uploads\/2023\/08\/ELS-Solutions-Naturaltech-Fair-Natural-Products.png","datePublished":"2023-08-10T14:21:13+00:00","dateModified":"2024-02-20T15:34:37+00:00","description":"A NATURALTECH \u00e9 a maior feira de produtos naturais de toda a Am\u00e9rica Latina. Refer\u00eancia em neg\u00f3cios no segmento.","breadcrumb":{"@id":"https:\/\/els-solutions.com\/pt-pt\/a-nossa-equipa-esteve-presente-na-naturaltech-em-sao-paulo\/#breadcrumb"},"inLanguage":"pt-PT","potentialAction":[{"@type":"ReadAction","target":["https:\/\/els-solutions.com\/pt-pt\/a-nossa-equipa-esteve-presente-na-naturaltech-em-sao-paulo\/"]}]},{"@type":"ImageObject","inLanguage":"pt-PT","@id":"https:\/\/els-solutions.com\/pt-pt\/a-nossa-equipa-esteve-presente-na-naturaltech-em-sao-paulo\/#primaryimage","url":"https:\/\/els-solutions.com\/cms\/wp-content\/uploads\/2023\/08\/ELS-Solutions-Naturaltech-Fair-Natural-Products.png","contentUrl":"https:\/\/els-solutions.com\/cms\/wp-content\/uploads\/2023\/08\/ELS-Solutions-Naturaltech-Fair-Natural-Products.png","width":1200,"height":600,"caption":"A nossa equipa esteve presente na Naturaltech em S\u00e3o Paulo"},{"@type":"BreadcrumbList","@id":"https:\/\/els-solutions.com\/pt-pt\/a-nossa-equipa-esteve-presente-na-naturaltech-em-sao-paulo\/#breadcrumb","itemListElement":[{"@type":"ListItem","position":1,"name":"In\u00edcio","item":"https:\/\/els-solutions.com\/pt-pt\/"},{"@type":"ListItem","position":2,"name":"A nossa equipa esteve presente na Naturaltech em S\u00e3o Paulo"}]},{"@type":"WebSite","@id":"https:\/\/els-solutions.com\/pt-pt\/#website","url":"https:\/\/els-solutions.com\/pt-pt\/","name":"ELS Group - Accelerating Innovation","description":"Assessoria estrat\u00e9gia para a Ind\u00fastria Farmac\u00eautica","publisher":{"@id":"https:\/\/els-solutions.com\/pt-pt\/#organization"},"potentialAction":[{"@type":"SearchAction","target":{"@type":"EntryPoint","urlTemplate":"https:\/\/els-solutions.com\/pt-pt\/?s={search_term_string}"},"query-input":{"@type":"PropertyValueSpecification","valueRequired":true,"valueName":"search_term_string"}}],"inLanguage":"pt-PT"},{"@type":"Organization","@id":"https:\/\/els-solutions.com\/pt-pt\/#organization","name":"ELS Group - Accelerating Innovation","url":"https:\/\/els-solutions.com\/pt-pt\/","logo":{"@type":"ImageObject","inLanguage":"pt-PT","@id":"https:\/\/els-solutions.com\/pt-pt\/#\/schema\/logo\/image\/","url":"https:\/\/els-solutions.com\/cms\/wp-content\/uploads\/2023\/08\/ELS-NewLogo-ColorBlack-1-e1691153715735.png","contentUrl":"https:\/\/els-solutions.com\/cms\/wp-content\/uploads\/2023\/08\/ELS-NewLogo-ColorBlack-1-e1691153715735.png","width":2226,"height":1080,"caption":"ELS Group - Accelerating Innovation"},"image":{"@id":"https:\/\/els-solutions.com\/pt-pt\/#\/schema\/logo\/image\/"},"sameAs":["https:\/\/www.facebook.com\/els.solutions\/"]},{"@type":"Person","@id":"https:\/\/els-solutions.com\/pt-pt\/#\/schema\/person\/9fb8dae537039679cfc537a000df6ca3","name":"Marketing ELS","image":{"@type":"ImageObject","inLanguage":"pt-PT","@id":"https:\/\/els-solutions.com\/pt-pt\/#\/schema\/person\/image\/","url":"https:\/\/secure.gravatar.com\/avatar\/b785df1d10c9806cc43fcea2dbf585b96a8761ff697010979d603fc5b7a9ca7b?s=96&d=mm&r=g","contentUrl":"https:\/\/secure.gravatar.com\/avatar\/b785df1d10c9806cc43fcea2dbf585b96a8761ff697010979d603fc5b7a9ca7b?s=96&d=mm&r=g","caption":"Marketing ELS"},"sameAs":["https:\/\/els-solutions.com\/"]}]}},"_links":{"self":[{"href":"https:\/\/els-solutions.com\/pt-pt\/wp-json\/wp\/v2\/posts\/5403","targetHints":{"allow":["GET"]}}],"collection":[{"href":"https:\/\/els-solutions.com\/pt-pt\/wp-json\/wp\/v2\/posts"}],"about":[{"href":"https:\/\/els-solutions.com\/pt-pt\/wp-json\/wp\/v2\/types\/post"}],"author":[{"embeddable":true,"href":"https:\/\/els-solutions.com\/pt-pt\/wp-json\/wp\/v2\/users\/9"}],"replies":[{"embeddable":true,"href":"https:\/\/els-solutions.com\/pt-pt\/wp-json\/wp\/v2\/comments?post=5403"}],"version-history":[{"count":1,"href":"https:\/\/els-solutions.com\/pt-pt\/wp-json\/wp\/v2\/posts\/5403\/revisions"}],"predecessor-version":[{"id":6537,"href":"https:\/\/els-solutions.com\/pt-pt\/wp-json\/wp\/v2\/posts\/5403\/revisions\/6537"}],"wp:featuredmedia":[{"embeddable":true,"href":"https:\/\/els-solutions.com\/pt-pt\/wp-json\/wp\/v2\/media\/5322"}],"wp:attachment":[{"href":"https:\/\/els-solutions.com\/pt-pt\/wp-json\/wp\/v2\/media?parent=5403"}],"wp:term":[{"taxonomy":"category","embeddable":true,"href":"https:\/\/els-solutions.com\/pt-pt\/wp-json\/wp\/v2\/categories?post=5403"},{"taxonomy":"post_tag","embeddable":true,"href":"https:\/\/els-solutions.com\/pt-pt\/wp-json\/wp\/v2\/tags?post=5403"}],"curies":[{"name":"wp","href":"https:\/\/api.w.org\/{rel}","templated":true}]}}