{"id":6867,"date":"2024-04-02T13:17:42","date_gmt":"2024-04-02T12:17:42","guid":{"rendered":"https:\/\/els-solutions.com\/cms\/dev\/?p=6867"},"modified":"2024-09-17T18:47:26","modified_gmt":"2024-09-17T17:47:26","slug":"anvisa-amplia-prazo-validade-certificado-boas-praticas","status":"publish","type":"post","link":"https:\/\/els-solutions.com\/pt-pt\/anvisa-amplia-prazo-validade-certificado-boas-praticas\/","title":{"rendered":"Anvisa amplia o prazo de validade do Certificado de Boas Pr\u00e1ticas"},"content":{"rendered":"<\/p>\n<p style=\"text-align: center;\"><strong>Anvisa amplia o prazo de validade do Certificado de Boas Pr\u00e1ticas<\/strong><\/p>\n<p style=\"text-align: center;\">A Reuni\u00e3o da Dire\u00e7\u00e3o Colegiada (ROP 03\/2024) aprovou por unanimidade o alargamento da validade do Certificado de Boas Pr\u00e1ticas de Fabrico (CBPF) para fabricantes de dispositivos m\u00e9dicos, concedido atrav\u00e9s do MDSAP (Programa de Auditoria \u00danica de Dispositivos M\u00e9dicos), de dois para quatro anos, conforme a RDC 850, de 20 de mar\u00e7o de 2024. <a href=\"https:\/\/www.gov.br\/anvisa\/pt-br\/assuntos\/noticias-anvisa\/2024\/anvisa-amplia-para-quatro-anos-prazo-de-validade-do-certificado-de-boas-praticas-de-fabricacao\" target=\"_blank\" rel=\"noopener\">Leia mais aqui<\/a><\/p>\n<p style=\"text-align: center;\"><span class=\" author-d-iz88z86z86za0dz67zz78zz78zz74zz68zjz80zz71z9iz90z9z84zmz66zz71znz68znz69zz87z3z89zhz65zz89zybhz84zz79zkwtz79zsz76zdz122zjz80z7\">Se precisar de mais informa\u00e7\u00f5es sobre quest\u00f5es regulat\u00f3rias na ind\u00fastria farmac\u00eautica e nos cuidados de sa\u00fade, o ELS pode certamente ajudar.<\/span><\/p>\n<p style=\"text-align: center;\"><span class=\" author-d-iz88z86z86za0dz67zz78zz78zz74zz68zjz80zz71z9iz90z9z84zmz66zz71znz68znz69zz87z3z89zhz65zz89zybhz84zz79zkwtz79zsz76zdz122zjz80z7\">Por favor entre em contato com o seu <a href=\"https:\/\/els-solutions.com\/onde-estamos\/\" target=\"_blank\" rel=\"noopener\">consultor local da ELS<\/a> <\/span><span class=\" author-d-iz88z86z86za0dz67zz78zz78zz74zz68zjz80zz71z9iz90z9z84zmz66zz71znz68znz69zz87z3z89zhz65zz89zybhz84zz79zkwtz79zsz76zdz122zjz80z7\">ou atrav\u00e9s do email: info@elssolutions.pt<\/span><\/p>\n<p>\n","protected":false},"excerpt":{"rendered":"<p>Anvisa prolonga a dura\u00e7\u00e3o do Certificado de Boas Pr\u00e1ticas para 4 anos, aplicando-se \u00e0s empresas no \u00e2mbito do MDSAP.<\/p>\n","protected":false},"author":9,"featured_media":6871,"comment_status":"open","ping_status":"open","sticky":false,"template":"","format":"standard","meta":{"footnotes":""},"categories":[53,60],"tags":[64],"class_list":["post-6867","post","type-post","status-publish","format-standard","has-post-thumbnail","hentry","category-geral","category-noticias","tag-noticias"],"yoast_head":"<!-- This site is optimized with the Yoast SEO plugin v23.4 - https:\/\/yoast.com\/wordpress\/plugins\/seo\/ -->\n<title>ANVISA - Prazo de validade do Certificado de Boas Pr\u00e1ticas<\/title>\n<meta name=\"description\" content=\"A Anvisa prolonga a dura\u00e7\u00e3o do Certificado de Boas Pr\u00e1ticas para 4 anos, aplicando-se \u00e0s empresas no \u00e2mbito do MDSAP.\" \/>\n<meta name=\"robots\" content=\"noindex, follow, max-snippet:-1, max-image-preview:large, max-video-preview:-1\" \/>\n<meta property=\"og:locale\" content=\"pt_PT\" \/>\n<meta property=\"og:type\" content=\"article\" \/>\n<meta property=\"og:title\" content=\"Anvisa amplia o prazo de validade do Certificado de Boas Pr\u00e1ticas\" \/>\n<meta property=\"og:description\" content=\"Anvisa prolonga a dura\u00e7\u00e3o do Certificado de Boas Pr\u00e1ticas para 4 anos, aplicando-se \u00e0s empresas no \u00e2mbito do MDSAP.\" \/>\n<meta property=\"og:url\" content=\"https:\/\/els-solutions.com\/pt-pt\/anvisa-amplia-prazo-validade-certificado-boas-praticas\/\" \/>\n<meta property=\"og:site_name\" content=\"ELS Group - Accelerating Innovation\" \/>\n<meta property=\"article:publisher\" content=\"https:\/\/www.facebook.com\/els.solutions\/\" \/>\n<meta property=\"article:published_time\" content=\"2024-04-02T12:17:42+00:00\" \/>\n<meta property=\"article:modified_time\" content=\"2024-09-17T17:47:26+00:00\" \/>\n<meta property=\"og:image\" content=\"https:\/\/els-solutions.com\/cms\/wp-content\/uploads\/2024\/04\/ELS-Solutions-Anvisa-extends-deadline-for-Good-Practice-certificates-1.jpg\" \/>\n\t<meta property=\"og:image:width\" content=\"1200\" \/>\n\t<meta property=\"og:image:height\" content=\"600\" \/>\n\t<meta property=\"og:image:type\" content=\"image\/jpeg\" \/>\n<meta name=\"author\" content=\"Marketing ELS\" \/>\n<meta name=\"twitter:card\" content=\"summary_large_image\" \/>\n<meta name=\"twitter:label1\" content=\"Escrito por\" \/>\n\t<meta name=\"twitter:data1\" content=\"Marketing ELS\" \/>\n\t<meta name=\"twitter:label2\" content=\"Tempo estimado de leitura\" \/>\n\t<meta name=\"twitter:data2\" content=\"1 minuto\" \/>\n<script type=\"application\/ld+json\" class=\"yoast-schema-graph\">{\"@context\":\"https:\/\/schema.org\",\"@graph\":[{\"@type\":\"Article\",\"@id\":\"https:\/\/els-solutions.com\/pt-pt\/anvisa-amplia-prazo-validade-certificado-boas-praticas\/#article\",\"isPartOf\":{\"@id\":\"https:\/\/els-solutions.com\/pt-pt\/anvisa-amplia-prazo-validade-certificado-boas-praticas\/\"},\"author\":{\"name\":\"Marketing ELS\",\"@id\":\"https:\/\/els-solutions.com\/pt-pt\/#\/schema\/person\/9fb8dae537039679cfc537a000df6ca3\"},\"headline\":\"Anvisa amplia o prazo de validade do Certificado de Boas Pr\u00e1ticas\",\"datePublished\":\"2024-04-02T12:17:42+00:00\",\"dateModified\":\"2024-09-17T17:47:26+00:00\",\"mainEntityOfPage\":{\"@id\":\"https:\/\/els-solutions.com\/pt-pt\/anvisa-amplia-prazo-validade-certificado-boas-praticas\/\"},\"wordCount\":1070,\"commentCount\":0,\"publisher\":{\"@id\":\"https:\/\/els-solutions.com\/pt-pt\/#organization\"},\"image\":{\"@id\":\"https:\/\/els-solutions.com\/pt-pt\/anvisa-amplia-prazo-validade-certificado-boas-praticas\/#primaryimage\"},\"thumbnailUrl\":\"https:\/\/els-solutions.com\/cms\/wp-content\/uploads\/2024\/04\/ELS-Solutions-Anvisa-extends-deadline-for-Good-Practice-certificates-1.jpg\",\"keywords\":[\"Not\u00edcias\"],\"articleSection\":[\"Geral\",\"Not\u00edcias\"],\"inLanguage\":\"pt-PT\",\"potentialAction\":[{\"@type\":\"CommentAction\",\"name\":\"Comment\",\"target\":[\"https:\/\/els-solutions.com\/pt-pt\/anvisa-amplia-prazo-validade-certificado-boas-praticas\/#respond\"]}]},{\"@type\":\"WebPage\",\"@id\":\"https:\/\/els-solutions.com\/pt-pt\/anvisa-amplia-prazo-validade-certificado-boas-praticas\/\",\"url\":\"https:\/\/els-solutions.com\/pt-pt\/anvisa-amplia-prazo-validade-certificado-boas-praticas\/\",\"name\":\"ANVISA - Prazo de validade do Certificado de Boas Pr\u00e1ticas\",\"isPartOf\":{\"@id\":\"https:\/\/els-solutions.com\/pt-pt\/#website\"},\"primaryImageOfPage\":{\"@id\":\"https:\/\/els-solutions.com\/pt-pt\/anvisa-amplia-prazo-validade-certificado-boas-praticas\/#primaryimage\"},\"image\":{\"@id\":\"https:\/\/els-solutions.com\/pt-pt\/anvisa-amplia-prazo-validade-certificado-boas-praticas\/#primaryimage\"},\"thumbnailUrl\":\"https:\/\/els-solutions.com\/cms\/wp-content\/uploads\/2024\/04\/ELS-Solutions-Anvisa-extends-deadline-for-Good-Practice-certificates-1.jpg\",\"datePublished\":\"2024-04-02T12:17:42+00:00\",\"dateModified\":\"2024-09-17T17:47:26+00:00\",\"description\":\"A Anvisa prolonga a dura\u00e7\u00e3o do Certificado de Boas Pr\u00e1ticas para 4 anos, aplicando-se \u00e0s empresas no \u00e2mbito do MDSAP.\",\"breadcrumb\":{\"@id\":\"https:\/\/els-solutions.com\/pt-pt\/anvisa-amplia-prazo-validade-certificado-boas-praticas\/#breadcrumb\"},\"inLanguage\":\"pt-PT\",\"potentialAction\":[{\"@type\":\"ReadAction\",\"target\":[\"https:\/\/els-solutions.com\/pt-pt\/anvisa-amplia-prazo-validade-certificado-boas-praticas\/\"]}]},{\"@type\":\"ImageObject\",\"inLanguage\":\"pt-PT\",\"@id\":\"https:\/\/els-solutions.com\/pt-pt\/anvisa-amplia-prazo-validade-certificado-boas-praticas\/#primaryimage\",\"url\":\"https:\/\/els-solutions.com\/cms\/wp-content\/uploads\/2024\/04\/ELS-Solutions-Anvisa-extends-deadline-for-Good-Practice-certificates-1.jpg\",\"contentUrl\":\"https:\/\/els-solutions.com\/cms\/wp-content\/uploads\/2024\/04\/ELS-Solutions-Anvisa-extends-deadline-for-Good-Practice-certificates-1.jpg\",\"width\":1200,\"height\":600,\"caption\":\"Anvisa extends the validity period of the Good Practices Certificate\"},{\"@type\":\"BreadcrumbList\",\"@id\":\"https:\/\/els-solutions.com\/pt-pt\/anvisa-amplia-prazo-validade-certificado-boas-praticas\/#breadcrumb\",\"itemListElement\":[{\"@type\":\"ListItem\",\"position\":1,\"name\":\"In\u00edcio\",\"item\":\"https:\/\/els-solutions.com\/pt-pt\/\"},{\"@type\":\"ListItem\",\"position\":2,\"name\":\"Anvisa amplia o prazo de validade do Certificado de Boas Pr\u00e1ticas\"}]},{\"@type\":\"WebSite\",\"@id\":\"https:\/\/els-solutions.com\/pt-pt\/#website\",\"url\":\"https:\/\/els-solutions.com\/pt-pt\/\",\"name\":\"ELS Group - Accelerating Innovation\",\"description\":\"Assessoria estrat\u00e9gia para a Ind\u00fastria Farmac\u00eautica\",\"publisher\":{\"@id\":\"https:\/\/els-solutions.com\/pt-pt\/#organization\"},\"potentialAction\":[{\"@type\":\"SearchAction\",\"target\":{\"@type\":\"EntryPoint\",\"urlTemplate\":\"https:\/\/els-solutions.com\/pt-pt\/?s={search_term_string}\"},\"query-input\":{\"@type\":\"PropertyValueSpecification\",\"valueRequired\":true,\"valueName\":\"search_term_string\"}}],\"inLanguage\":\"pt-PT\"},{\"@type\":\"Organization\",\"@id\":\"https:\/\/els-solutions.com\/pt-pt\/#organization\",\"name\":\"ELS Group - Accelerating Innovation\",\"url\":\"https:\/\/els-solutions.com\/pt-pt\/\",\"logo\":{\"@type\":\"ImageObject\",\"inLanguage\":\"pt-PT\",\"@id\":\"https:\/\/els-solutions.com\/pt-pt\/#\/schema\/logo\/image\/\",\"url\":\"https:\/\/els-solutions.com\/cms\/wp-content\/uploads\/2023\/08\/ELS-NewLogo-ColorBlack-1-e1691153715735.png\",\"contentUrl\":\"https:\/\/els-solutions.com\/cms\/wp-content\/uploads\/2023\/08\/ELS-NewLogo-ColorBlack-1-e1691153715735.png\",\"width\":2226,\"height\":1080,\"caption\":\"ELS Group - Accelerating Innovation\"},\"image\":{\"@id\":\"https:\/\/els-solutions.com\/pt-pt\/#\/schema\/logo\/image\/\"},\"sameAs\":[\"https:\/\/www.facebook.com\/els.solutions\/\"]},{\"@type\":\"Person\",\"@id\":\"https:\/\/els-solutions.com\/pt-pt\/#\/schema\/person\/9fb8dae537039679cfc537a000df6ca3\",\"name\":\"Marketing ELS\",\"image\":{\"@type\":\"ImageObject\",\"inLanguage\":\"pt-PT\",\"@id\":\"https:\/\/els-solutions.com\/pt-pt\/#\/schema\/person\/image\/\",\"url\":\"https:\/\/secure.gravatar.com\/avatar\/b785df1d10c9806cc43fcea2dbf585b96a8761ff697010979d603fc5b7a9ca7b?s=96&d=mm&r=g\",\"contentUrl\":\"https:\/\/secure.gravatar.com\/avatar\/b785df1d10c9806cc43fcea2dbf585b96a8761ff697010979d603fc5b7a9ca7b?s=96&d=mm&r=g\",\"caption\":\"Marketing ELS\"},\"sameAs\":[\"https:\/\/els-solutions.com\/\"]}]}<\/script>\n<!-- \/ Yoast SEO plugin. -->","yoast_head_json":{"title":"ANVISA - Prazo de validade do Certificado de Boas Pr\u00e1ticas","description":"A Anvisa prolonga a dura\u00e7\u00e3o do Certificado de Boas Pr\u00e1ticas para 4 anos, aplicando-se \u00e0s empresas no \u00e2mbito do MDSAP.","robots":{"index":"noindex","follow":"follow","max-snippet":"max-snippet:-1","max-image-preview":"max-image-preview:large","max-video-preview":"max-video-preview:-1"},"og_locale":"pt_PT","og_type":"article","og_title":"Anvisa amplia o prazo de validade do Certificado de Boas Pr\u00e1ticas","og_description":"Anvisa prolonga a dura\u00e7\u00e3o do Certificado de Boas Pr\u00e1ticas para 4 anos, aplicando-se \u00e0s empresas no \u00e2mbito do MDSAP.","og_url":"https:\/\/els-solutions.com\/pt-pt\/anvisa-amplia-prazo-validade-certificado-boas-praticas\/","og_site_name":"ELS Group - Accelerating Innovation","article_publisher":"https:\/\/www.facebook.com\/els.solutions\/","article_published_time":"2024-04-02T12:17:42+00:00","article_modified_time":"2024-09-17T17:47:26+00:00","og_image":[{"width":1200,"height":600,"url":"https:\/\/els-solutions.com\/cms\/wp-content\/uploads\/2024\/04\/ELS-Solutions-Anvisa-extends-deadline-for-Good-Practice-certificates-1.jpg","type":"image\/jpeg"}],"author":"Marketing ELS","twitter_card":"summary_large_image","twitter_misc":{"Escrito por":"Marketing ELS","Tempo estimado de leitura":"1 minuto"},"schema":{"@context":"https:\/\/schema.org","@graph":[{"@type":"Article","@id":"https:\/\/els-solutions.com\/pt-pt\/anvisa-amplia-prazo-validade-certificado-boas-praticas\/#article","isPartOf":{"@id":"https:\/\/els-solutions.com\/pt-pt\/anvisa-amplia-prazo-validade-certificado-boas-praticas\/"},"author":{"name":"Marketing ELS","@id":"https:\/\/els-solutions.com\/pt-pt\/#\/schema\/person\/9fb8dae537039679cfc537a000df6ca3"},"headline":"Anvisa amplia o prazo de validade do Certificado de Boas Pr\u00e1ticas","datePublished":"2024-04-02T12:17:42+00:00","dateModified":"2024-09-17T17:47:26+00:00","mainEntityOfPage":{"@id":"https:\/\/els-solutions.com\/pt-pt\/anvisa-amplia-prazo-validade-certificado-boas-praticas\/"},"wordCount":1070,"commentCount":0,"publisher":{"@id":"https:\/\/els-solutions.com\/pt-pt\/#organization"},"image":{"@id":"https:\/\/els-solutions.com\/pt-pt\/anvisa-amplia-prazo-validade-certificado-boas-praticas\/#primaryimage"},"thumbnailUrl":"https:\/\/els-solutions.com\/cms\/wp-content\/uploads\/2024\/04\/ELS-Solutions-Anvisa-extends-deadline-for-Good-Practice-certificates-1.jpg","keywords":["Not\u00edcias"],"articleSection":["Geral","Not\u00edcias"],"inLanguage":"pt-PT","potentialAction":[{"@type":"CommentAction","name":"Comment","target":["https:\/\/els-solutions.com\/pt-pt\/anvisa-amplia-prazo-validade-certificado-boas-praticas\/#respond"]}]},{"@type":"WebPage","@id":"https:\/\/els-solutions.com\/pt-pt\/anvisa-amplia-prazo-validade-certificado-boas-praticas\/","url":"https:\/\/els-solutions.com\/pt-pt\/anvisa-amplia-prazo-validade-certificado-boas-praticas\/","name":"ANVISA - Prazo de validade do Certificado de Boas Pr\u00e1ticas","isPartOf":{"@id":"https:\/\/els-solutions.com\/pt-pt\/#website"},"primaryImageOfPage":{"@id":"https:\/\/els-solutions.com\/pt-pt\/anvisa-amplia-prazo-validade-certificado-boas-praticas\/#primaryimage"},"image":{"@id":"https:\/\/els-solutions.com\/pt-pt\/anvisa-amplia-prazo-validade-certificado-boas-praticas\/#primaryimage"},"thumbnailUrl":"https:\/\/els-solutions.com\/cms\/wp-content\/uploads\/2024\/04\/ELS-Solutions-Anvisa-extends-deadline-for-Good-Practice-certificates-1.jpg","datePublished":"2024-04-02T12:17:42+00:00","dateModified":"2024-09-17T17:47:26+00:00","description":"A Anvisa prolonga a dura\u00e7\u00e3o do Certificado de Boas Pr\u00e1ticas para 4 anos, aplicando-se \u00e0s empresas no \u00e2mbito do MDSAP.","breadcrumb":{"@id":"https:\/\/els-solutions.com\/pt-pt\/anvisa-amplia-prazo-validade-certificado-boas-praticas\/#breadcrumb"},"inLanguage":"pt-PT","potentialAction":[{"@type":"ReadAction","target":["https:\/\/els-solutions.com\/pt-pt\/anvisa-amplia-prazo-validade-certificado-boas-praticas\/"]}]},{"@type":"ImageObject","inLanguage":"pt-PT","@id":"https:\/\/els-solutions.com\/pt-pt\/anvisa-amplia-prazo-validade-certificado-boas-praticas\/#primaryimage","url":"https:\/\/els-solutions.com\/cms\/wp-content\/uploads\/2024\/04\/ELS-Solutions-Anvisa-extends-deadline-for-Good-Practice-certificates-1.jpg","contentUrl":"https:\/\/els-solutions.com\/cms\/wp-content\/uploads\/2024\/04\/ELS-Solutions-Anvisa-extends-deadline-for-Good-Practice-certificates-1.jpg","width":1200,"height":600,"caption":"Anvisa extends the validity period of the Good Practices Certificate"},{"@type":"BreadcrumbList","@id":"https:\/\/els-solutions.com\/pt-pt\/anvisa-amplia-prazo-validade-certificado-boas-praticas\/#breadcrumb","itemListElement":[{"@type":"ListItem","position":1,"name":"In\u00edcio","item":"https:\/\/els-solutions.com\/pt-pt\/"},{"@type":"ListItem","position":2,"name":"Anvisa amplia o prazo de validade do Certificado de Boas Pr\u00e1ticas"}]},{"@type":"WebSite","@id":"https:\/\/els-solutions.com\/pt-pt\/#website","url":"https:\/\/els-solutions.com\/pt-pt\/","name":"ELS Group - Accelerating Innovation","description":"Assessoria estrat\u00e9gia para a Ind\u00fastria Farmac\u00eautica","publisher":{"@id":"https:\/\/els-solutions.com\/pt-pt\/#organization"},"potentialAction":[{"@type":"SearchAction","target":{"@type":"EntryPoint","urlTemplate":"https:\/\/els-solutions.com\/pt-pt\/?s={search_term_string}"},"query-input":{"@type":"PropertyValueSpecification","valueRequired":true,"valueName":"search_term_string"}}],"inLanguage":"pt-PT"},{"@type":"Organization","@id":"https:\/\/els-solutions.com\/pt-pt\/#organization","name":"ELS Group - Accelerating Innovation","url":"https:\/\/els-solutions.com\/pt-pt\/","logo":{"@type":"ImageObject","inLanguage":"pt-PT","@id":"https:\/\/els-solutions.com\/pt-pt\/#\/schema\/logo\/image\/","url":"https:\/\/els-solutions.com\/cms\/wp-content\/uploads\/2023\/08\/ELS-NewLogo-ColorBlack-1-e1691153715735.png","contentUrl":"https:\/\/els-solutions.com\/cms\/wp-content\/uploads\/2023\/08\/ELS-NewLogo-ColorBlack-1-e1691153715735.png","width":2226,"height":1080,"caption":"ELS Group - Accelerating Innovation"},"image":{"@id":"https:\/\/els-solutions.com\/pt-pt\/#\/schema\/logo\/image\/"},"sameAs":["https:\/\/www.facebook.com\/els.solutions\/"]},{"@type":"Person","@id":"https:\/\/els-solutions.com\/pt-pt\/#\/schema\/person\/9fb8dae537039679cfc537a000df6ca3","name":"Marketing ELS","image":{"@type":"ImageObject","inLanguage":"pt-PT","@id":"https:\/\/els-solutions.com\/pt-pt\/#\/schema\/person\/image\/","url":"https:\/\/secure.gravatar.com\/avatar\/b785df1d10c9806cc43fcea2dbf585b96a8761ff697010979d603fc5b7a9ca7b?s=96&d=mm&r=g","contentUrl":"https:\/\/secure.gravatar.com\/avatar\/b785df1d10c9806cc43fcea2dbf585b96a8761ff697010979d603fc5b7a9ca7b?s=96&d=mm&r=g","caption":"Marketing ELS"},"sameAs":["https:\/\/els-solutions.com\/"]}]}},"_links":{"self":[{"href":"https:\/\/els-solutions.com\/pt-pt\/wp-json\/wp\/v2\/posts\/6867","targetHints":{"allow":["GET"]}}],"collection":[{"href":"https:\/\/els-solutions.com\/pt-pt\/wp-json\/wp\/v2\/posts"}],"about":[{"href":"https:\/\/els-solutions.com\/pt-pt\/wp-json\/wp\/v2\/types\/post"}],"author":[{"embeddable":true,"href":"https:\/\/els-solutions.com\/pt-pt\/wp-json\/wp\/v2\/users\/9"}],"replies":[{"embeddable":true,"href":"https:\/\/els-solutions.com\/pt-pt\/wp-json\/wp\/v2\/comments?post=6867"}],"version-history":[{"count":2,"href":"https:\/\/els-solutions.com\/pt-pt\/wp-json\/wp\/v2\/posts\/6867\/revisions"}],"predecessor-version":[{"id":6874,"href":"https:\/\/els-solutions.com\/pt-pt\/wp-json\/wp\/v2\/posts\/6867\/revisions\/6874"}],"wp:featuredmedia":[{"embeddable":true,"href":"https:\/\/els-solutions.com\/pt-pt\/wp-json\/wp\/v2\/media\/6871"}],"wp:attachment":[{"href":"https:\/\/els-solutions.com\/pt-pt\/wp-json\/wp\/v2\/media?parent=6867"}],"wp:term":[{"taxonomy":"category","embeddable":true,"href":"https:\/\/els-solutions.com\/pt-pt\/wp-json\/wp\/v2\/categories?post=6867"},{"taxonomy":"post_tag","embeddable":true,"href":"https:\/\/els-solutions.com\/pt-pt\/wp-json\/wp\/v2\/tags?post=6867"}],"curies":[{"name":"wp","href":"https:\/\/api.w.org\/{rel}","templated":true}]}}