{"id":8172,"date":"2025-03-09T22:21:49","date_gmt":"2025-03-09T22:21:49","guid":{"rendered":"https:\/\/els-solutions.com\/cms\/dev\/?p=8172"},"modified":"2025-03-09T22:21:49","modified_gmt":"2025-03-09T22:21:49","slug":"exportacoes-da-saude-em-portugal-crescem-216-em-2024","status":"publish","type":"post","link":"https:\/\/els-solutions.com\/pt-pt\/exportacoes-da-saude-em-portugal-crescem-216-em-2024\/","title":{"rendered":"Exporta\u00e7\u00f5es da Sa\u00fade em Portugal Crescem 21,6% e Ultrapassam 4.000 Milh\u00f5es em 2024"},"content":{"rendered":"<div data-olk-copy-source=\"MessageBody\">\n<p>O setor da sa\u00fade em <strong>Portugal<\/strong> registou um crescimento impressionante nas exporta\u00e7\u00f5es em 2024, superando a marca dos <strong>4.000 milh\u00f5es de euros<\/strong>, o que representa uma alta de <strong>21,6%<\/strong> em rela\u00e7\u00e3o ao ano anterior. Este aumento reflete o dinamismo do setor, que se mant\u00e9m forte mesmo em um <strong>contexto global desafiador<\/strong>.<\/p>\n<h3><strong>Crescimento das Exporta\u00e7\u00f5es em Sa\u00fade em 2024<\/strong><\/h3>\n<ul>\n<li>Em 2024, as <strong>exporta\u00e7\u00f5es em sa\u00fade de Portugal<\/strong> atingiram <strong>4.036 milh\u00f5es de euros<\/strong>, marcando um aumento de <strong>21,7%<\/strong> em compara\u00e7\u00e3o com 2023.<\/li>\n<li>O setor da sa\u00fade representa agora <strong>5,1%<\/strong> do total das <strong>exporta\u00e7\u00f5es nacionais<\/strong> de Portugal, consolidando-se como um dos principais pilares econ\u00f4micos do pa\u00eds.<\/li>\n<\/ul>\n<h3><strong>Principais Mercados de Destino das Exporta\u00e7\u00f5es em Sa\u00fade<\/strong><\/h3>\n<ul>\n<li><strong>Estados Unidos<\/strong>: O maior mercado de destino, com uma participa\u00e7\u00e3o de <strong>29,6%<\/strong> nas exporta\u00e7\u00f5es de produtos de sa\u00fade de Portugal.<\/li>\n<li><strong>Alemanha<\/strong>: O segundo maior mercado, com <strong>27,5%<\/strong> do volume de exporta\u00e7\u00f5es em sa\u00fade.<\/li>\n<li>Outros mercados importantes incluem <strong>Espanha<\/strong>, <strong>Fran\u00e7a<\/strong> e <strong>B\u00e9lgica<\/strong>, que tamb\u00e9m figuram entre os principais destinos das exporta\u00e7\u00f5es portuguesas.<\/li>\n<\/ul>\n<h3><strong>Impacto Potencial das Tarifas dos EUA nas Exporta\u00e7\u00f5es de Sa\u00fade<\/strong><\/h3>\n<ul>\n<li>As exporta\u00e7\u00f5es para os <strong>Estados Unidos<\/strong> podem ser afetadas pelas amea\u00e7as de <strong>tarifas de importa\u00e7\u00e3o<\/strong> propostas pelo presidente <strong>Donald Trump<\/strong>, especialmente para o setor farmac\u00eautico e de dispositivos m\u00e9dicos.<\/li>\n<li>Apesar disso, a incerteza sobre a aplica\u00e7\u00e3o dessas tarifas dificulta a previs\u00e3o dos <strong>efeitos imediatos<\/strong> sobre as exporta\u00e7\u00f5es de sa\u00fade para os EUA.<\/li>\n<\/ul>\n<p><strong>Composi\u00e7\u00e3o das Exporta\u00e7\u00f5es de Sa\u00fade em 2024<\/strong><\/p>\n<ul>\n<li><strong>Prepara\u00e7\u00f5es farmac\u00eauticas<\/strong>: Representam <strong>82,8%<\/strong> do total das exporta\u00e7\u00f5es em sa\u00fade de Portugal.<\/li>\n<li><strong>Dispositivos m\u00e9dicos<\/strong>: Com um volume de exporta\u00e7\u00f5es de <strong>500 milh\u00f5es de euros<\/strong>, constituem um segmento importante no crescimento do setor.<\/li>\n<li><strong>Produtos farmac\u00eauticos de base<\/strong>: Responderam por <strong>3,8%<\/strong> das exporta\u00e7\u00f5es totais do setor.<\/li>\n<\/ul>\n<h3><strong>Internacionaliza\u00e7\u00e3o e Inova\u00e7\u00e3o: Fatores de Sucesso<\/strong><\/h3>\n<ul>\n<li><strong>Joaquim Cunha<\/strong>, diretor executivo do <strong>Health Cluster Portugal<\/strong>, destaca que o crescimento consistente das exporta\u00e7\u00f5es em sa\u00fade reflete a aposta na <strong>internacionaliza\u00e7\u00e3o<\/strong> e na <strong>qualidade<\/strong> dos produtos portugueses.<\/li>\n<li>O setor de sa\u00fade continua a ser um motor de desenvolvimento econ\u00f3mico e social para o pa\u00eds, com uma forte presen\u00e7a nos mercados internacionais.<\/li>\n<\/ul>\n<h3><strong>Conclus\u00e3o: O Setor da Sa\u00fade em Portugal Fortalece Globalmente<\/strong><\/h3>\n<p>O sucesso das<a href=\"https:\/\/www.portugalglobal.pt\/noticias\/2025\/fevereiro\/exportacoes-em-saude-renovam-recorde\/\"> <strong>exporta\u00e7\u00f5es em sa\u00fade<\/strong><\/a> de Portugal em 2024 confirma a for\u00e7a do setor, que continua a se expandir e consolidar como um dos maiores setores exportadores do pa\u00eds. Mesmo diante de um cen\u00e1rio global desafiante, o setor da sa\u00fade portugu\u00eas segue inovando e afirmando-se como fornecedor de <strong>produtos de sa\u00fade de alta qualidade<\/strong> no mercado global.<\/p>\n<\/div>\n","protected":false},"excerpt":{"rendered":"<p>O setor da sa\u00fade em Portugal registou um crescimento impressionante nas exporta\u00e7\u00f5es em 2024, superando a marca dos 4.000 milh\u00f5es de euros, o que representa uma alta de 21,6% em rela\u00e7\u00e3o ao ano anterior. Este aumento reflete o dinamismo do setor, que se mant\u00e9m forte mesmo em um contexto global desafiador.<\/p>\n","protected":false},"author":9,"featured_media":8174,"comment_status":"open","ping_status":"open","sticky":false,"template":"","format":"standard","meta":{"footnotes":""},"categories":[67,68,53,112,60,69],"tags":[215,214,210,211],"class_list":["post-8172","post","type-post","status-publish","format-standard","has-post-thumbnail","hentry","category-els","category-els-group","category-geral","category-infarmed","category-noticias","category-questoes-regulatorias","tag-industria-farmaceutica","tag-politica-de-saude","tag-regulamentacao-farmaceutica","tag-saude-em-portugal"],"yoast_head":"<!-- This site is optimized with the Yoast SEO plugin v23.4 - https:\/\/yoast.com\/wordpress\/plugins\/seo\/ -->\n<title>Exporta\u00e7\u00f5es da Sa\u00fade em Portugal Crescem 21,6% em 2024<\/title>\n<meta name=\"description\" content=\"O setor da sa\u00fade em Portugal registou um crescimento impressionante nas exporta\u00e7\u00f5es em 2024, superando a marca dos 4.000 milh\u00f5es de euros.\" \/>\n<meta name=\"robots\" content=\"noindex, follow, max-snippet:-1, max-image-preview:large, max-video-preview:-1\" \/>\n<meta property=\"og:locale\" content=\"pt_PT\" \/>\n<meta property=\"og:type\" content=\"article\" \/>\n<meta property=\"og:title\" content=\"Atualizam a lista de medicamentos com exporta\u00e7\u00e3o suspensa\" \/>\n<meta property=\"og:description\" content=\"Atualizam a lista de medicamentos com exporta\u00e7\u00e3o suspensa para garantir o abastecimento de produtos cr\u00edticos.\" \/>\n<meta property=\"og:url\" content=\"https:\/\/els-solutions.com\/pt-pt\/exportacoes-da-saude-em-portugal-crescem-216-em-2024\/\" \/>\n<meta property=\"og:site_name\" content=\"ELS Group - Accelerating Innovation\" \/>\n<meta property=\"article:publisher\" content=\"https:\/\/www.facebook.com\/els.solutions\/\" \/>\n<meta property=\"article:published_time\" content=\"2025-03-09T22:21:49+00:00\" \/>\n<meta property=\"og:image\" content=\"https:\/\/els-solutions.com\/cms\/wp-content\/uploads\/2024\/09\/ELS-Solutions-updating-medicines-supended-1.jpg\" \/>\n\t<meta property=\"og:image:width\" content=\"1200\" \/>\n\t<meta property=\"og:image:height\" content=\"600\" \/>\n\t<meta property=\"og:image:type\" content=\"image\/jpeg\" \/>\n<meta name=\"author\" content=\"Marketing ELS\" \/>\n<meta name=\"twitter:card\" content=\"summary_large_image\" \/>\n<meta name=\"twitter:label1\" content=\"Escrito por\" \/>\n\t<meta name=\"twitter:data1\" content=\"Marketing ELS\" \/>\n\t<meta name=\"twitter:label2\" content=\"Tempo estimado de leitura\" \/>\n\t<meta name=\"twitter:data2\" content=\"3 minutos\" \/>\n<script type=\"application\/ld+json\" class=\"yoast-schema-graph\">{\"@context\":\"https:\/\/schema.org\",\"@graph\":[{\"@type\":\"Article\",\"@id\":\"https:\/\/els-solutions.com\/pt-pt\/exportacoes-da-saude-em-portugal-crescem-216-em-2024\/#article\",\"isPartOf\":{\"@id\":\"https:\/\/els-solutions.com\/pt-pt\/exportacoes-da-saude-em-portugal-crescem-216-em-2024\/\"},\"author\":{\"name\":\"Marketing ELS\",\"@id\":\"https:\/\/els-solutions.com\/pt-pt\/#\/schema\/person\/9fb8dae537039679cfc537a000df6ca3\"},\"headline\":\"Exporta\u00e7\u00f5es da Sa\u00fade em Portugal Crescem 21,6% e Ultrapassam 4.000 Milh\u00f5es em 2024\",\"datePublished\":\"2025-03-09T22:21:49+00:00\",\"dateModified\":\"2025-03-09T22:21:49+00:00\",\"mainEntityOfPage\":{\"@id\":\"https:\/\/els-solutions.com\/pt-pt\/exportacoes-da-saude-em-portugal-crescem-216-em-2024\/\"},\"wordCount\":465,\"commentCount\":0,\"publisher\":{\"@id\":\"https:\/\/els-solutions.com\/pt-pt\/#organization\"},\"image\":{\"@id\":\"https:\/\/els-solutions.com\/pt-pt\/exportacoes-da-saude-em-portugal-crescem-216-em-2024\/#primaryimage\"},\"thumbnailUrl\":\"https:\/\/els-solutions.com\/cms\/wp-content\/uploads\/2025\/03\/Exportacoes-em-Saude.png\",\"keywords\":[\"Ind\u00fastria Farmac\u00eautica\",\"Pol\u00edtica de Sa\u00fade\",\"Regulamenta\u00e7\u00e3o Farmac\u00eautica\",\"Sa\u00fade em Portugal\"],\"articleSection\":[\"ELS\",\"ELS Group\",\"Geral\",\"Infarmed\",\"Not\u00edcias\",\"Quest\u00f5es regulat\u00f3rias\"],\"inLanguage\":\"pt-PT\",\"potentialAction\":[{\"@type\":\"CommentAction\",\"name\":\"Comment\",\"target\":[\"https:\/\/els-solutions.com\/pt-pt\/exportacoes-da-saude-em-portugal-crescem-216-em-2024\/#respond\"]}]},{\"@type\":\"WebPage\",\"@id\":\"https:\/\/els-solutions.com\/pt-pt\/exportacoes-da-saude-em-portugal-crescem-216-em-2024\/\",\"url\":\"https:\/\/els-solutions.com\/pt-pt\/exportacoes-da-saude-em-portugal-crescem-216-em-2024\/\",\"name\":\"Exporta\u00e7\u00f5es da Sa\u00fade em Portugal Crescem 21,6% em 2024\",\"isPartOf\":{\"@id\":\"https:\/\/els-solutions.com\/pt-pt\/#website\"},\"primaryImageOfPage\":{\"@id\":\"https:\/\/els-solutions.com\/pt-pt\/exportacoes-da-saude-em-portugal-crescem-216-em-2024\/#primaryimage\"},\"image\":{\"@id\":\"https:\/\/els-solutions.com\/pt-pt\/exportacoes-da-saude-em-portugal-crescem-216-em-2024\/#primaryimage\"},\"thumbnailUrl\":\"https:\/\/els-solutions.com\/cms\/wp-content\/uploads\/2025\/03\/Exportacoes-em-Saude.png\",\"datePublished\":\"2025-03-09T22:21:49+00:00\",\"dateModified\":\"2025-03-09T22:21:49+00:00\",\"description\":\"O setor da sa\u00fade em Portugal registou um crescimento impressionante nas exporta\u00e7\u00f5es em 2024, superando a marca dos 4.000 milh\u00f5es de euros.\",\"breadcrumb\":{\"@id\":\"https:\/\/els-solutions.com\/pt-pt\/exportacoes-da-saude-em-portugal-crescem-216-em-2024\/#breadcrumb\"},\"inLanguage\":\"pt-PT\",\"potentialAction\":[{\"@type\":\"ReadAction\",\"target\":[\"https:\/\/els-solutions.com\/pt-pt\/exportacoes-da-saude-em-portugal-crescem-216-em-2024\/\"]}]},{\"@type\":\"ImageObject\",\"inLanguage\":\"pt-PT\",\"@id\":\"https:\/\/els-solutions.com\/pt-pt\/exportacoes-da-saude-em-portugal-crescem-216-em-2024\/#primaryimage\",\"url\":\"https:\/\/els-solutions.com\/cms\/wp-content\/uploads\/2025\/03\/Exportacoes-em-Saude.png\",\"contentUrl\":\"https:\/\/els-solutions.com\/cms\/wp-content\/uploads\/2025\/03\/Exportacoes-em-Saude.png\",\"width\":1200,\"height\":600},{\"@type\":\"BreadcrumbList\",\"@id\":\"https:\/\/els-solutions.com\/pt-pt\/exportacoes-da-saude-em-portugal-crescem-216-em-2024\/#breadcrumb\",\"itemListElement\":[{\"@type\":\"ListItem\",\"position\":1,\"name\":\"In\u00edcio\",\"item\":\"https:\/\/els-solutions.com\/pt-pt\/\"},{\"@type\":\"ListItem\",\"position\":2,\"name\":\"Exporta\u00e7\u00f5es da Sa\u00fade em Portugal Crescem 21,6% e Ultrapassam 4.000 Milh\u00f5es em 2024\"}]},{\"@type\":\"WebSite\",\"@id\":\"https:\/\/els-solutions.com\/pt-pt\/#website\",\"url\":\"https:\/\/els-solutions.com\/pt-pt\/\",\"name\":\"ELS Group - Accelerating Innovation\",\"description\":\"Assessoria estrat\u00e9gia para a Ind\u00fastria Farmac\u00eautica\",\"publisher\":{\"@id\":\"https:\/\/els-solutions.com\/pt-pt\/#organization\"},\"potentialAction\":[{\"@type\":\"SearchAction\",\"target\":{\"@type\":\"EntryPoint\",\"urlTemplate\":\"https:\/\/els-solutions.com\/pt-pt\/?s={search_term_string}\"},\"query-input\":{\"@type\":\"PropertyValueSpecification\",\"valueRequired\":true,\"valueName\":\"search_term_string\"}}],\"inLanguage\":\"pt-PT\"},{\"@type\":\"Organization\",\"@id\":\"https:\/\/els-solutions.com\/pt-pt\/#organization\",\"name\":\"ELS Group - Accelerating Innovation\",\"url\":\"https:\/\/els-solutions.com\/pt-pt\/\",\"logo\":{\"@type\":\"ImageObject\",\"inLanguage\":\"pt-PT\",\"@id\":\"https:\/\/els-solutions.com\/pt-pt\/#\/schema\/logo\/image\/\",\"url\":\"https:\/\/els-solutions.com\/cms\/wp-content\/uploads\/2023\/08\/ELS-NewLogo-ColorBlack-1-e1691153715735.png\",\"contentUrl\":\"https:\/\/els-solutions.com\/cms\/wp-content\/uploads\/2023\/08\/ELS-NewLogo-ColorBlack-1-e1691153715735.png\",\"width\":2226,\"height\":1080,\"caption\":\"ELS Group - Accelerating Innovation\"},\"image\":{\"@id\":\"https:\/\/els-solutions.com\/pt-pt\/#\/schema\/logo\/image\/\"},\"sameAs\":[\"https:\/\/www.facebook.com\/els.solutions\/\"]},{\"@type\":\"Person\",\"@id\":\"https:\/\/els-solutions.com\/pt-pt\/#\/schema\/person\/9fb8dae537039679cfc537a000df6ca3\",\"name\":\"Marketing ELS\",\"image\":{\"@type\":\"ImageObject\",\"inLanguage\":\"pt-PT\",\"@id\":\"https:\/\/els-solutions.com\/pt-pt\/#\/schema\/person\/image\/\",\"url\":\"https:\/\/secure.gravatar.com\/avatar\/b785df1d10c9806cc43fcea2dbf585b96a8761ff697010979d603fc5b7a9ca7b?s=96&d=mm&r=g\",\"contentUrl\":\"https:\/\/secure.gravatar.com\/avatar\/b785df1d10c9806cc43fcea2dbf585b96a8761ff697010979d603fc5b7a9ca7b?s=96&d=mm&r=g\",\"caption\":\"Marketing ELS\"},\"sameAs\":[\"https:\/\/els-solutions.com\/\"]}]}<\/script>\n<!-- \/ Yoast SEO plugin. -->","yoast_head_json":{"title":"Exporta\u00e7\u00f5es da Sa\u00fade em Portugal Crescem 21,6% em 2024","description":"O setor da sa\u00fade em Portugal registou um crescimento impressionante nas exporta\u00e7\u00f5es em 2024, superando a marca dos 4.000 milh\u00f5es de euros.","robots":{"index":"noindex","follow":"follow","max-snippet":"max-snippet:-1","max-image-preview":"max-image-preview:large","max-video-preview":"max-video-preview:-1"},"og_locale":"pt_PT","og_type":"article","og_title":"Atualizam a lista de medicamentos com exporta\u00e7\u00e3o suspensa","og_description":"Atualizam a lista de medicamentos com exporta\u00e7\u00e3o suspensa para garantir o abastecimento de produtos cr\u00edticos.","og_url":"https:\/\/els-solutions.com\/pt-pt\/exportacoes-da-saude-em-portugal-crescem-216-em-2024\/","og_site_name":"ELS Group - Accelerating Innovation","article_publisher":"https:\/\/www.facebook.com\/els.solutions\/","article_published_time":"2025-03-09T22:21:49+00:00","og_image":[{"width":1200,"height":600,"url":"https:\/\/els-solutions.com\/cms\/wp-content\/uploads\/2024\/09\/ELS-Solutions-updating-medicines-supended-1.jpg","type":"image\/jpeg"}],"author":"Marketing ELS","twitter_card":"summary_large_image","twitter_misc":{"Escrito por":"Marketing ELS","Tempo estimado de leitura":"3 minutos"},"schema":{"@context":"https:\/\/schema.org","@graph":[{"@type":"Article","@id":"https:\/\/els-solutions.com\/pt-pt\/exportacoes-da-saude-em-portugal-crescem-216-em-2024\/#article","isPartOf":{"@id":"https:\/\/els-solutions.com\/pt-pt\/exportacoes-da-saude-em-portugal-crescem-216-em-2024\/"},"author":{"name":"Marketing ELS","@id":"https:\/\/els-solutions.com\/pt-pt\/#\/schema\/person\/9fb8dae537039679cfc537a000df6ca3"},"headline":"Exporta\u00e7\u00f5es da Sa\u00fade em Portugal Crescem 21,6% e Ultrapassam 4.000 Milh\u00f5es em 2024","datePublished":"2025-03-09T22:21:49+00:00","dateModified":"2025-03-09T22:21:49+00:00","mainEntityOfPage":{"@id":"https:\/\/els-solutions.com\/pt-pt\/exportacoes-da-saude-em-portugal-crescem-216-em-2024\/"},"wordCount":465,"commentCount":0,"publisher":{"@id":"https:\/\/els-solutions.com\/pt-pt\/#organization"},"image":{"@id":"https:\/\/els-solutions.com\/pt-pt\/exportacoes-da-saude-em-portugal-crescem-216-em-2024\/#primaryimage"},"thumbnailUrl":"https:\/\/els-solutions.com\/cms\/wp-content\/uploads\/2025\/03\/Exportacoes-em-Saude.png","keywords":["Ind\u00fastria Farmac\u00eautica","Pol\u00edtica de Sa\u00fade","Regulamenta\u00e7\u00e3o Farmac\u00eautica","Sa\u00fade em Portugal"],"articleSection":["ELS","ELS Group","Geral","Infarmed","Not\u00edcias","Quest\u00f5es regulat\u00f3rias"],"inLanguage":"pt-PT","potentialAction":[{"@type":"CommentAction","name":"Comment","target":["https:\/\/els-solutions.com\/pt-pt\/exportacoes-da-saude-em-portugal-crescem-216-em-2024\/#respond"]}]},{"@type":"WebPage","@id":"https:\/\/els-solutions.com\/pt-pt\/exportacoes-da-saude-em-portugal-crescem-216-em-2024\/","url":"https:\/\/els-solutions.com\/pt-pt\/exportacoes-da-saude-em-portugal-crescem-216-em-2024\/","name":"Exporta\u00e7\u00f5es da Sa\u00fade em Portugal Crescem 21,6% em 2024","isPartOf":{"@id":"https:\/\/els-solutions.com\/pt-pt\/#website"},"primaryImageOfPage":{"@id":"https:\/\/els-solutions.com\/pt-pt\/exportacoes-da-saude-em-portugal-crescem-216-em-2024\/#primaryimage"},"image":{"@id":"https:\/\/els-solutions.com\/pt-pt\/exportacoes-da-saude-em-portugal-crescem-216-em-2024\/#primaryimage"},"thumbnailUrl":"https:\/\/els-solutions.com\/cms\/wp-content\/uploads\/2025\/03\/Exportacoes-em-Saude.png","datePublished":"2025-03-09T22:21:49+00:00","dateModified":"2025-03-09T22:21:49+00:00","description":"O setor da sa\u00fade em Portugal registou um crescimento impressionante nas exporta\u00e7\u00f5es em 2024, superando a marca dos 4.000 milh\u00f5es de euros.","breadcrumb":{"@id":"https:\/\/els-solutions.com\/pt-pt\/exportacoes-da-saude-em-portugal-crescem-216-em-2024\/#breadcrumb"},"inLanguage":"pt-PT","potentialAction":[{"@type":"ReadAction","target":["https:\/\/els-solutions.com\/pt-pt\/exportacoes-da-saude-em-portugal-crescem-216-em-2024\/"]}]},{"@type":"ImageObject","inLanguage":"pt-PT","@id":"https:\/\/els-solutions.com\/pt-pt\/exportacoes-da-saude-em-portugal-crescem-216-em-2024\/#primaryimage","url":"https:\/\/els-solutions.com\/cms\/wp-content\/uploads\/2025\/03\/Exportacoes-em-Saude.png","contentUrl":"https:\/\/els-solutions.com\/cms\/wp-content\/uploads\/2025\/03\/Exportacoes-em-Saude.png","width":1200,"height":600},{"@type":"BreadcrumbList","@id":"https:\/\/els-solutions.com\/pt-pt\/exportacoes-da-saude-em-portugal-crescem-216-em-2024\/#breadcrumb","itemListElement":[{"@type":"ListItem","position":1,"name":"In\u00edcio","item":"https:\/\/els-solutions.com\/pt-pt\/"},{"@type":"ListItem","position":2,"name":"Exporta\u00e7\u00f5es da Sa\u00fade em Portugal Crescem 21,6% e Ultrapassam 4.000 Milh\u00f5es em 2024"}]},{"@type":"WebSite","@id":"https:\/\/els-solutions.com\/pt-pt\/#website","url":"https:\/\/els-solutions.com\/pt-pt\/","name":"ELS Group - Accelerating Innovation","description":"Assessoria estrat\u00e9gia para a Ind\u00fastria Farmac\u00eautica","publisher":{"@id":"https:\/\/els-solutions.com\/pt-pt\/#organization"},"potentialAction":[{"@type":"SearchAction","target":{"@type":"EntryPoint","urlTemplate":"https:\/\/els-solutions.com\/pt-pt\/?s={search_term_string}"},"query-input":{"@type":"PropertyValueSpecification","valueRequired":true,"valueName":"search_term_string"}}],"inLanguage":"pt-PT"},{"@type":"Organization","@id":"https:\/\/els-solutions.com\/pt-pt\/#organization","name":"ELS Group - Accelerating Innovation","url":"https:\/\/els-solutions.com\/pt-pt\/","logo":{"@type":"ImageObject","inLanguage":"pt-PT","@id":"https:\/\/els-solutions.com\/pt-pt\/#\/schema\/logo\/image\/","url":"https:\/\/els-solutions.com\/cms\/wp-content\/uploads\/2023\/08\/ELS-NewLogo-ColorBlack-1-e1691153715735.png","contentUrl":"https:\/\/els-solutions.com\/cms\/wp-content\/uploads\/2023\/08\/ELS-NewLogo-ColorBlack-1-e1691153715735.png","width":2226,"height":1080,"caption":"ELS Group - Accelerating Innovation"},"image":{"@id":"https:\/\/els-solutions.com\/pt-pt\/#\/schema\/logo\/image\/"},"sameAs":["https:\/\/www.facebook.com\/els.solutions\/"]},{"@type":"Person","@id":"https:\/\/els-solutions.com\/pt-pt\/#\/schema\/person\/9fb8dae537039679cfc537a000df6ca3","name":"Marketing ELS","image":{"@type":"ImageObject","inLanguage":"pt-PT","@id":"https:\/\/els-solutions.com\/pt-pt\/#\/schema\/person\/image\/","url":"https:\/\/secure.gravatar.com\/avatar\/b785df1d10c9806cc43fcea2dbf585b96a8761ff697010979d603fc5b7a9ca7b?s=96&d=mm&r=g","contentUrl":"https:\/\/secure.gravatar.com\/avatar\/b785df1d10c9806cc43fcea2dbf585b96a8761ff697010979d603fc5b7a9ca7b?s=96&d=mm&r=g","caption":"Marketing ELS"},"sameAs":["https:\/\/els-solutions.com\/"]}]}},"_links":{"self":[{"href":"https:\/\/els-solutions.com\/pt-pt\/wp-json\/wp\/v2\/posts\/8172","targetHints":{"allow":["GET"]}}],"collection":[{"href":"https:\/\/els-solutions.com\/pt-pt\/wp-json\/wp\/v2\/posts"}],"about":[{"href":"https:\/\/els-solutions.com\/pt-pt\/wp-json\/wp\/v2\/types\/post"}],"author":[{"embeddable":true,"href":"https:\/\/els-solutions.com\/pt-pt\/wp-json\/wp\/v2\/users\/9"}],"replies":[{"embeddable":true,"href":"https:\/\/els-solutions.com\/pt-pt\/wp-json\/wp\/v2\/comments?post=8172"}],"version-history":[{"count":3,"href":"https:\/\/els-solutions.com\/pt-pt\/wp-json\/wp\/v2\/posts\/8172\/revisions"}],"predecessor-version":[{"id":8187,"href":"https:\/\/els-solutions.com\/pt-pt\/wp-json\/wp\/v2\/posts\/8172\/revisions\/8187"}],"wp:featuredmedia":[{"embeddable":true,"href":"https:\/\/els-solutions.com\/pt-pt\/wp-json\/wp\/v2\/media\/8174"}],"wp:attachment":[{"href":"https:\/\/els-solutions.com\/pt-pt\/wp-json\/wp\/v2\/media?parent=8172"}],"wp:term":[{"taxonomy":"category","embeddable":true,"href":"https:\/\/els-solutions.com\/pt-pt\/wp-json\/wp\/v2\/categories?post=8172"},{"taxonomy":"post_tag","embeddable":true,"href":"https:\/\/els-solutions.com\/pt-pt\/wp-json\/wp\/v2\/tags?post=8172"}],"curies":[{"name":"wp","href":"https:\/\/api.w.org\/{rel}","templated":true}]}}