{"id":8203,"date":"2025-03-21T10:17:48","date_gmt":"2025-03-21T10:17:48","guid":{"rendered":"https:\/\/els-solutions.com\/cms\/dev\/?p=8203"},"modified":"2025-03-21T10:17:48","modified_gmt":"2025-03-21T10:17:48","slug":"lei-de-medicamentos-criticos","status":"publish","type":"post","link":"https:\/\/els-solutions.com\/pt-pt\/lei-de-medicamentos-criticos\/","title":{"rendered":"Comiss\u00e3o Europeia Apresenta a Lei de Medicamentos Cr\u00edticos (Critical Medicines Act)"},"content":{"rendered":"<div data-olk-copy-source=\"MessageBody\">\n<div data-olk-copy-source=\"MessageBody\">\n<p data-pm-slice=\"1 1 []\">No dia 12 de mar\u00e7o de 2025, a Comiss\u00e3o Europeia deu um passo importante no fortalecimento da autonomia estrat\u00e9gica da Uni\u00e3o Europeia no que diz respeito \u00e0 disponibilidade de medicamentos essenciais. Foi apresentada a <strong>Lei de Medicamentos Cr\u00edticos (Critical Medicines Act)<\/strong>, uma nova iniciativa que visa garantir o acesso cont\u00ednuo a medicamentos essenciais, prevenindo a escassez e melhorando a resili\u00eancia das cadeias de fornecimento na ind\u00fastria farmac\u00eautica.<\/p>\n<p data-pm-slice=\"1 1 []\">Confira os principais pontos desta proposta:<\/p>\n<ol class=\"ProsemirrorEditor-list\">\n<li class=\"ProsemirrorEditor-listItem\" data-list-indent=\"1\" data-list-type=\"numbered\">\n<h3><strong>Objetivo Central da Lei<\/strong><\/h3>\n<p>A <strong>Lei de Medicamentos Cr\u00edticos<\/strong> tem como principal objetivo mitigar vulnerabilidades nas cadeias de fabrico e abastecimento, assegurando a produ\u00e7\u00e3o de medicamentos e mat\u00e9rias-primas essenciais. A ideia \u00e9 refor\u00e7ar a autonomia estrat\u00e9gica da Uni\u00e3o Europeia, garantindo que os medicamentos cr\u00edticos estejam sempre dispon\u00edveis para os cidad\u00e3os europeus.<\/li>\n<li class=\"ProsemirrorEditor-listItem\" data-list-indent=\"1\" data-list-type=\"numbered\">\n<h3><strong>Causas da Escassez de Medicamentos<\/strong><\/h3>\n<p>A proposta reconhece que a escassez de medicamentos \u00e9 principalmente causada por problemas relacionados com a produ\u00e7\u00e3o e pela complexidade das cadeias globais de abastecimento. A pandemia da COVID-19, por exemplo, revelou a fragilidade de muitos sistemas de abastecimento.<\/li>\n<li class=\"ProsemirrorEditor-listItem\" data-list-indent=\"1\" data-list-type=\"numbered\">\n<h3><strong>Relat\u00f3rio da Critical Medicines Alliance<\/strong><\/h3>\n<p>Em fevereiro de 2025, a <strong>Critical Medicines Alliance<\/strong> divulgou um relat\u00f3rio com recomenda\u00e7\u00f5es importantes para uma abordagem mais coordenada na Uni\u00e3o Europeia. O documento defende a cria\u00e7\u00e3o de uma <strong>lista europeia de medicamentos cr\u00edticos<\/strong>, a seguran\u00e7a das cadeias de fornecimento e a implementa\u00e7\u00e3o de mecanismos de investimento em projetos industriais estrat\u00e9gicos. As propostas visam melhorar a seguran\u00e7a de abastecimento e a gest\u00e3o de stocks no setor farmac\u00eautico.<\/li>\n<li class=\"ProsemirrorEditor-listItem\" data-list-indent=\"1\" data-list-type=\"numbered\">\n<h3><strong>Coordena\u00e7\u00e3o Europeia<\/strong><\/h3>\n<p>Rui Santos Ivo, presidente do Conselho Diretivo do Infarmed, destaca a import\u00e2ncia da nova lei para <strong>promover uma abordagem coordenada a n\u00edvel europeu<\/strong>, garantindo que os medicamentos essenciais estejam sempre dispon\u00edveis. Ele enfatiza que a quest\u00e3o da escassez \u00e9 um tema estrat\u00e9gico de grande relev\u00e2ncia para as autoridades reguladoras, que t\u00eam trabalhado para desenvolver instrumentos e pol\u00edticas para mitigar esses problemas.<\/li>\n<li class=\"ProsemirrorEditor-listItem\" data-list-indent=\"1\" data-list-type=\"numbered\">\n<h3><strong>Pr\u00f3ximos Passos e Implementa\u00e7\u00e3o<\/strong><\/h3>\n<p>A Comiss\u00e3o Europeia continua a trabalhar para implementar as propostas do Critical Medicines Alliance, com foco em fortalecer a seguran\u00e7a e a resili\u00eancia das cadeias de fornecimento de medicamentos. A nova legisla\u00e7\u00e3o dever\u00e1 ser acompanhada de medidas pr\u00e1ticas de aquisi\u00e7\u00e3o e programas de apoio \u00e0 produ\u00e7\u00e3o.<\/li>\n<\/ol>\n<p>A <strong>Lei de Medicamentos Cr\u00edticos<\/strong> representa um passo importante para a <strong>seguran\u00e7a e a sa\u00fade p\u00fablica<\/strong> na Europa, ao garantir que a escassez de medicamentos essenciais seja evitada de forma coordenada e estrat\u00e9gica.<\/p>\n<p>Para mais informa\u00e7\u00f5es, consulte:<\/p>\n<ul class=\"ProsemirrorEditor-list\">\n<li class=\"ProsemirrorEditor-listItem\" data-list-indent=\"1\" data-list-type=\"bulleted\"><a href=\"https:\/\/ec.europa.eu\/commission\/presscorner\/detail\/en\/ip_25_733\">Press Release da Comiss\u00e3o Europeia<\/a><\/li>\n<li class=\"ProsemirrorEditor-listItem\" data-list-indent=\"1\" data-list-type=\"bulleted\"><a href=\"https:\/\/ec.europa.eu\/commission\/presscorner\/api\/files\/attachment\/880768\/Factsheet_Medicines%20shortages%20global%20approach.pdf\">Ficha de Informa\u00e7\u00e3o sobre a Iniciativa<\/a><\/li>\n<li class=\"ProsemirrorEditor-listItem\" data-list-indent=\"1\" data-list-type=\"bulleted\"><a href=\"https:\/\/health.ec.europa.eu\/health-emergency-preparedness-and-response-hera\/overview\/critical-medicines-alliance_en\">Relat\u00f3rio do Critical Medicines Alliance<\/a><\/li>\n<\/ul>\n<p>Essa medida promete ser um marco na regula\u00e7\u00e3o farmac\u00eautica europeia, com impacto direto na gest\u00e3o de medicamentos essenciais para todos os cidad\u00e3os.<\/p>\n<\/div>\n<\/div>\n","protected":false},"excerpt":{"rendered":"<p>No dia 12 de mar\u00e7o de 2025, a Comiss\u00e3o Europeia deu um passo importante no fortalecimento da autonomia estrat\u00e9gica da Uni\u00e3o Europeia no que diz respeito \u00e0 disponibilidade de medicamentos essenciais. Foi apresentada a Lei de Medicamentos Cr\u00edticos (Critical Medicines Act), uma nova iniciativa que visa garantir o acesso cont\u00ednuo a medicamentos essenciais, prevenindo a escassez e melhorando a resili\u00eancia das cadeias de fornecimento na ind\u00fastria farmac\u00eautica. Confira os principais pontos desta proposta:<\/p>\n","protected":false},"author":9,"featured_media":8205,"comment_status":"open","ping_status":"open","sticky":false,"template":"","format":"standard","meta":{"footnotes":""},"categories":[67,68,53,60,69],"tags":[117,70],"class_list":["post-8203","post","type-post","status-publish","format-standard","has-post-thumbnail","hentry","category-els","category-els-group","category-geral","category-noticias","category-questoes-regulatorias","tag-infarmed","tag-medicamentos"],"yoast_head":"<!-- This site is optimized with the Yoast SEO plugin v23.4 - https:\/\/yoast.com\/wordpress\/plugins\/seo\/ -->\n<title>Comiss\u00e3o Europeia Apresenta a Lei de Medicamentos Cr\u00edticos<\/title>\n<meta name=\"description\" content=\"Foi apresentada a Lei de Medicamentos Cr\u00edticos, uma nova iniciativa que visa garantir o acesso cont\u00ednuo a medicamentos essenciais.\" \/>\n<meta name=\"robots\" content=\"noindex, follow, max-snippet:-1, max-image-preview:large, max-video-preview:-1\" \/>\n<meta property=\"og:locale\" content=\"pt_PT\" \/>\n<meta property=\"og:type\" content=\"article\" \/>\n<meta property=\"og:title\" content=\"Atualizam a lista de medicamentos com exporta\u00e7\u00e3o suspensa\" \/>\n<meta property=\"og:description\" content=\"Atualizam a lista de medicamentos com exporta\u00e7\u00e3o suspensa para garantir o abastecimento de produtos cr\u00edticos.\" \/>\n<meta property=\"og:url\" content=\"https:\/\/els-solutions.com\/pt-pt\/lei-de-medicamentos-criticos\/\" \/>\n<meta property=\"og:site_name\" content=\"ELS Group - Accelerating Innovation\" \/>\n<meta property=\"article:publisher\" content=\"https:\/\/www.facebook.com\/els.solutions\/\" \/>\n<meta property=\"article:published_time\" content=\"2025-03-21T10:17:48+00:00\" \/>\n<meta property=\"og:image\" content=\"https:\/\/els-solutions.com\/cms\/wp-content\/uploads\/2024\/09\/ELS-Solutions-updating-medicines-supended-1.jpg\" \/>\n\t<meta property=\"og:image:width\" content=\"1200\" \/>\n\t<meta property=\"og:image:height\" content=\"600\" \/>\n\t<meta property=\"og:image:type\" content=\"image\/jpeg\" \/>\n<meta name=\"author\" content=\"Marketing ELS\" \/>\n<meta name=\"twitter:card\" content=\"summary_large_image\" \/>\n<meta name=\"twitter:label1\" content=\"Escrito por\" \/>\n\t<meta name=\"twitter:data1\" content=\"Marketing ELS\" \/>\n\t<meta name=\"twitter:label2\" content=\"Tempo estimado de leitura\" \/>\n\t<meta name=\"twitter:data2\" content=\"3 minutos\" \/>\n<script type=\"application\/ld+json\" class=\"yoast-schema-graph\">{\"@context\":\"https:\/\/schema.org\",\"@graph\":[{\"@type\":\"Article\",\"@id\":\"https:\/\/els-solutions.com\/pt-pt\/lei-de-medicamentos-criticos\/#article\",\"isPartOf\":{\"@id\":\"https:\/\/els-solutions.com\/pt-pt\/lei-de-medicamentos-criticos\/\"},\"author\":{\"name\":\"Marketing ELS\",\"@id\":\"https:\/\/els-solutions.com\/pt-pt\/#\/schema\/person\/9fb8dae537039679cfc537a000df6ca3\"},\"headline\":\"Comiss\u00e3o Europeia Apresenta a Lei de Medicamentos Cr\u00edticos (Critical Medicines Act)\",\"datePublished\":\"2025-03-21T10:17:48+00:00\",\"dateModified\":\"2025-03-21T10:17:48+00:00\",\"mainEntityOfPage\":{\"@id\":\"https:\/\/els-solutions.com\/pt-pt\/lei-de-medicamentos-criticos\/\"},\"wordCount\":495,\"commentCount\":0,\"publisher\":{\"@id\":\"https:\/\/els-solutions.com\/pt-pt\/#organization\"},\"image\":{\"@id\":\"https:\/\/els-solutions.com\/pt-pt\/lei-de-medicamentos-criticos\/#primaryimage\"},\"thumbnailUrl\":\"https:\/\/els-solutions.com\/cms\/wp-content\/uploads\/2025\/03\/Critical-Medicines-Act-1.png\",\"keywords\":[\"Infarmed\",\"medicamentos\"],\"articleSection\":[\"ELS\",\"ELS Group\",\"Geral\",\"Not\u00edcias\",\"Quest\u00f5es regulat\u00f3rias\"],\"inLanguage\":\"pt-PT\",\"potentialAction\":[{\"@type\":\"CommentAction\",\"name\":\"Comment\",\"target\":[\"https:\/\/els-solutions.com\/pt-pt\/lei-de-medicamentos-criticos\/#respond\"]}]},{\"@type\":\"WebPage\",\"@id\":\"https:\/\/els-solutions.com\/pt-pt\/lei-de-medicamentos-criticos\/\",\"url\":\"https:\/\/els-solutions.com\/pt-pt\/lei-de-medicamentos-criticos\/\",\"name\":\"Comiss\u00e3o Europeia Apresenta a Lei de Medicamentos Cr\u00edticos\",\"isPartOf\":{\"@id\":\"https:\/\/els-solutions.com\/pt-pt\/#website\"},\"primaryImageOfPage\":{\"@id\":\"https:\/\/els-solutions.com\/pt-pt\/lei-de-medicamentos-criticos\/#primaryimage\"},\"image\":{\"@id\":\"https:\/\/els-solutions.com\/pt-pt\/lei-de-medicamentos-criticos\/#primaryimage\"},\"thumbnailUrl\":\"https:\/\/els-solutions.com\/cms\/wp-content\/uploads\/2025\/03\/Critical-Medicines-Act-1.png\",\"datePublished\":\"2025-03-21T10:17:48+00:00\",\"dateModified\":\"2025-03-21T10:17:48+00:00\",\"description\":\"Foi apresentada a Lei de Medicamentos Cr\u00edticos, uma nova iniciativa que visa garantir o acesso cont\u00ednuo a medicamentos essenciais.\",\"breadcrumb\":{\"@id\":\"https:\/\/els-solutions.com\/pt-pt\/lei-de-medicamentos-criticos\/#breadcrumb\"},\"inLanguage\":\"pt-PT\",\"potentialAction\":[{\"@type\":\"ReadAction\",\"target\":[\"https:\/\/els-solutions.com\/pt-pt\/lei-de-medicamentos-criticos\/\"]}]},{\"@type\":\"ImageObject\",\"inLanguage\":\"pt-PT\",\"@id\":\"https:\/\/els-solutions.com\/pt-pt\/lei-de-medicamentos-criticos\/#primaryimage\",\"url\":\"https:\/\/els-solutions.com\/cms\/wp-content\/uploads\/2025\/03\/Critical-Medicines-Act-1.png\",\"contentUrl\":\"https:\/\/els-solutions.com\/cms\/wp-content\/uploads\/2025\/03\/Critical-Medicines-Act-1.png\",\"width\":1200,\"height\":600},{\"@type\":\"BreadcrumbList\",\"@id\":\"https:\/\/els-solutions.com\/pt-pt\/lei-de-medicamentos-criticos\/#breadcrumb\",\"itemListElement\":[{\"@type\":\"ListItem\",\"position\":1,\"name\":\"In\u00edcio\",\"item\":\"https:\/\/els-solutions.com\/pt-pt\/\"},{\"@type\":\"ListItem\",\"position\":2,\"name\":\"Comiss\u00e3o Europeia Apresenta a Lei de Medicamentos Cr\u00edticos (Critical Medicines Act)\"}]},{\"@type\":\"WebSite\",\"@id\":\"https:\/\/els-solutions.com\/pt-pt\/#website\",\"url\":\"https:\/\/els-solutions.com\/pt-pt\/\",\"name\":\"ELS Group - Accelerating Innovation\",\"description\":\"Assessoria estrat\u00e9gia para a Ind\u00fastria Farmac\u00eautica\",\"publisher\":{\"@id\":\"https:\/\/els-solutions.com\/pt-pt\/#organization\"},\"potentialAction\":[{\"@type\":\"SearchAction\",\"target\":{\"@type\":\"EntryPoint\",\"urlTemplate\":\"https:\/\/els-solutions.com\/pt-pt\/?s={search_term_string}\"},\"query-input\":{\"@type\":\"PropertyValueSpecification\",\"valueRequired\":true,\"valueName\":\"search_term_string\"}}],\"inLanguage\":\"pt-PT\"},{\"@type\":\"Organization\",\"@id\":\"https:\/\/els-solutions.com\/pt-pt\/#organization\",\"name\":\"ELS Group - Accelerating Innovation\",\"url\":\"https:\/\/els-solutions.com\/pt-pt\/\",\"logo\":{\"@type\":\"ImageObject\",\"inLanguage\":\"pt-PT\",\"@id\":\"https:\/\/els-solutions.com\/pt-pt\/#\/schema\/logo\/image\/\",\"url\":\"https:\/\/els-solutions.com\/cms\/wp-content\/uploads\/2023\/08\/ELS-NewLogo-ColorBlack-1-e1691153715735.png\",\"contentUrl\":\"https:\/\/els-solutions.com\/cms\/wp-content\/uploads\/2023\/08\/ELS-NewLogo-ColorBlack-1-e1691153715735.png\",\"width\":2226,\"height\":1080,\"caption\":\"ELS Group - Accelerating Innovation\"},\"image\":{\"@id\":\"https:\/\/els-solutions.com\/pt-pt\/#\/schema\/logo\/image\/\"},\"sameAs\":[\"https:\/\/www.facebook.com\/els.solutions\/\"]},{\"@type\":\"Person\",\"@id\":\"https:\/\/els-solutions.com\/pt-pt\/#\/schema\/person\/9fb8dae537039679cfc537a000df6ca3\",\"name\":\"Marketing ELS\",\"image\":{\"@type\":\"ImageObject\",\"inLanguage\":\"pt-PT\",\"@id\":\"https:\/\/els-solutions.com\/pt-pt\/#\/schema\/person\/image\/\",\"url\":\"https:\/\/secure.gravatar.com\/avatar\/b785df1d10c9806cc43fcea2dbf585b96a8761ff697010979d603fc5b7a9ca7b?s=96&d=mm&r=g\",\"contentUrl\":\"https:\/\/secure.gravatar.com\/avatar\/b785df1d10c9806cc43fcea2dbf585b96a8761ff697010979d603fc5b7a9ca7b?s=96&d=mm&r=g\",\"caption\":\"Marketing ELS\"},\"sameAs\":[\"https:\/\/els-solutions.com\/\"]}]}<\/script>\n<!-- \/ Yoast SEO plugin. -->","yoast_head_json":{"title":"Comiss\u00e3o Europeia Apresenta a Lei de Medicamentos Cr\u00edticos","description":"Foi apresentada a Lei de Medicamentos Cr\u00edticos, uma nova iniciativa que visa garantir o acesso cont\u00ednuo a medicamentos essenciais.","robots":{"index":"noindex","follow":"follow","max-snippet":"max-snippet:-1","max-image-preview":"max-image-preview:large","max-video-preview":"max-video-preview:-1"},"og_locale":"pt_PT","og_type":"article","og_title":"Atualizam a lista de medicamentos com exporta\u00e7\u00e3o suspensa","og_description":"Atualizam a lista de medicamentos com exporta\u00e7\u00e3o suspensa para garantir o abastecimento de produtos cr\u00edticos.","og_url":"https:\/\/els-solutions.com\/pt-pt\/lei-de-medicamentos-criticos\/","og_site_name":"ELS Group - Accelerating Innovation","article_publisher":"https:\/\/www.facebook.com\/els.solutions\/","article_published_time":"2025-03-21T10:17:48+00:00","og_image":[{"width":1200,"height":600,"url":"https:\/\/els-solutions.com\/cms\/wp-content\/uploads\/2024\/09\/ELS-Solutions-updating-medicines-supended-1.jpg","type":"image\/jpeg"}],"author":"Marketing ELS","twitter_card":"summary_large_image","twitter_misc":{"Escrito por":"Marketing ELS","Tempo estimado de leitura":"3 minutos"},"schema":{"@context":"https:\/\/schema.org","@graph":[{"@type":"Article","@id":"https:\/\/els-solutions.com\/pt-pt\/lei-de-medicamentos-criticos\/#article","isPartOf":{"@id":"https:\/\/els-solutions.com\/pt-pt\/lei-de-medicamentos-criticos\/"},"author":{"name":"Marketing ELS","@id":"https:\/\/els-solutions.com\/pt-pt\/#\/schema\/person\/9fb8dae537039679cfc537a000df6ca3"},"headline":"Comiss\u00e3o Europeia Apresenta a Lei de Medicamentos Cr\u00edticos (Critical Medicines Act)","datePublished":"2025-03-21T10:17:48+00:00","dateModified":"2025-03-21T10:17:48+00:00","mainEntityOfPage":{"@id":"https:\/\/els-solutions.com\/pt-pt\/lei-de-medicamentos-criticos\/"},"wordCount":495,"commentCount":0,"publisher":{"@id":"https:\/\/els-solutions.com\/pt-pt\/#organization"},"image":{"@id":"https:\/\/els-solutions.com\/pt-pt\/lei-de-medicamentos-criticos\/#primaryimage"},"thumbnailUrl":"https:\/\/els-solutions.com\/cms\/wp-content\/uploads\/2025\/03\/Critical-Medicines-Act-1.png","keywords":["Infarmed","medicamentos"],"articleSection":["ELS","ELS Group","Geral","Not\u00edcias","Quest\u00f5es regulat\u00f3rias"],"inLanguage":"pt-PT","potentialAction":[{"@type":"CommentAction","name":"Comment","target":["https:\/\/els-solutions.com\/pt-pt\/lei-de-medicamentos-criticos\/#respond"]}]},{"@type":"WebPage","@id":"https:\/\/els-solutions.com\/pt-pt\/lei-de-medicamentos-criticos\/","url":"https:\/\/els-solutions.com\/pt-pt\/lei-de-medicamentos-criticos\/","name":"Comiss\u00e3o Europeia Apresenta a Lei de Medicamentos Cr\u00edticos","isPartOf":{"@id":"https:\/\/els-solutions.com\/pt-pt\/#website"},"primaryImageOfPage":{"@id":"https:\/\/els-solutions.com\/pt-pt\/lei-de-medicamentos-criticos\/#primaryimage"},"image":{"@id":"https:\/\/els-solutions.com\/pt-pt\/lei-de-medicamentos-criticos\/#primaryimage"},"thumbnailUrl":"https:\/\/els-solutions.com\/cms\/wp-content\/uploads\/2025\/03\/Critical-Medicines-Act-1.png","datePublished":"2025-03-21T10:17:48+00:00","dateModified":"2025-03-21T10:17:48+00:00","description":"Foi apresentada a Lei de Medicamentos Cr\u00edticos, uma nova iniciativa que visa garantir o acesso cont\u00ednuo a medicamentos essenciais.","breadcrumb":{"@id":"https:\/\/els-solutions.com\/pt-pt\/lei-de-medicamentos-criticos\/#breadcrumb"},"inLanguage":"pt-PT","potentialAction":[{"@type":"ReadAction","target":["https:\/\/els-solutions.com\/pt-pt\/lei-de-medicamentos-criticos\/"]}]},{"@type":"ImageObject","inLanguage":"pt-PT","@id":"https:\/\/els-solutions.com\/pt-pt\/lei-de-medicamentos-criticos\/#primaryimage","url":"https:\/\/els-solutions.com\/cms\/wp-content\/uploads\/2025\/03\/Critical-Medicines-Act-1.png","contentUrl":"https:\/\/els-solutions.com\/cms\/wp-content\/uploads\/2025\/03\/Critical-Medicines-Act-1.png","width":1200,"height":600},{"@type":"BreadcrumbList","@id":"https:\/\/els-solutions.com\/pt-pt\/lei-de-medicamentos-criticos\/#breadcrumb","itemListElement":[{"@type":"ListItem","position":1,"name":"In\u00edcio","item":"https:\/\/els-solutions.com\/pt-pt\/"},{"@type":"ListItem","position":2,"name":"Comiss\u00e3o Europeia Apresenta a Lei de Medicamentos Cr\u00edticos (Critical Medicines Act)"}]},{"@type":"WebSite","@id":"https:\/\/els-solutions.com\/pt-pt\/#website","url":"https:\/\/els-solutions.com\/pt-pt\/","name":"ELS Group - Accelerating Innovation","description":"Assessoria estrat\u00e9gia para a Ind\u00fastria Farmac\u00eautica","publisher":{"@id":"https:\/\/els-solutions.com\/pt-pt\/#organization"},"potentialAction":[{"@type":"SearchAction","target":{"@type":"EntryPoint","urlTemplate":"https:\/\/els-solutions.com\/pt-pt\/?s={search_term_string}"},"query-input":{"@type":"PropertyValueSpecification","valueRequired":true,"valueName":"search_term_string"}}],"inLanguage":"pt-PT"},{"@type":"Organization","@id":"https:\/\/els-solutions.com\/pt-pt\/#organization","name":"ELS Group - Accelerating Innovation","url":"https:\/\/els-solutions.com\/pt-pt\/","logo":{"@type":"ImageObject","inLanguage":"pt-PT","@id":"https:\/\/els-solutions.com\/pt-pt\/#\/schema\/logo\/image\/","url":"https:\/\/els-solutions.com\/cms\/wp-content\/uploads\/2023\/08\/ELS-NewLogo-ColorBlack-1-e1691153715735.png","contentUrl":"https:\/\/els-solutions.com\/cms\/wp-content\/uploads\/2023\/08\/ELS-NewLogo-ColorBlack-1-e1691153715735.png","width":2226,"height":1080,"caption":"ELS Group - Accelerating Innovation"},"image":{"@id":"https:\/\/els-solutions.com\/pt-pt\/#\/schema\/logo\/image\/"},"sameAs":["https:\/\/www.facebook.com\/els.solutions\/"]},{"@type":"Person","@id":"https:\/\/els-solutions.com\/pt-pt\/#\/schema\/person\/9fb8dae537039679cfc537a000df6ca3","name":"Marketing ELS","image":{"@type":"ImageObject","inLanguage":"pt-PT","@id":"https:\/\/els-solutions.com\/pt-pt\/#\/schema\/person\/image\/","url":"https:\/\/secure.gravatar.com\/avatar\/b785df1d10c9806cc43fcea2dbf585b96a8761ff697010979d603fc5b7a9ca7b?s=96&d=mm&r=g","contentUrl":"https:\/\/secure.gravatar.com\/avatar\/b785df1d10c9806cc43fcea2dbf585b96a8761ff697010979d603fc5b7a9ca7b?s=96&d=mm&r=g","caption":"Marketing ELS"},"sameAs":["https:\/\/els-solutions.com\/"]}]}},"_links":{"self":[{"href":"https:\/\/els-solutions.com\/pt-pt\/wp-json\/wp\/v2\/posts\/8203","targetHints":{"allow":["GET"]}}],"collection":[{"href":"https:\/\/els-solutions.com\/pt-pt\/wp-json\/wp\/v2\/posts"}],"about":[{"href":"https:\/\/els-solutions.com\/pt-pt\/wp-json\/wp\/v2\/types\/post"}],"author":[{"embeddable":true,"href":"https:\/\/els-solutions.com\/pt-pt\/wp-json\/wp\/v2\/users\/9"}],"replies":[{"embeddable":true,"href":"https:\/\/els-solutions.com\/pt-pt\/wp-json\/wp\/v2\/comments?post=8203"}],"version-history":[{"count":2,"href":"https:\/\/els-solutions.com\/pt-pt\/wp-json\/wp\/v2\/posts\/8203\/revisions"}],"predecessor-version":[{"id":8218,"href":"https:\/\/els-solutions.com\/pt-pt\/wp-json\/wp\/v2\/posts\/8203\/revisions\/8218"}],"wp:featuredmedia":[{"embeddable":true,"href":"https:\/\/els-solutions.com\/pt-pt\/wp-json\/wp\/v2\/media\/8205"}],"wp:attachment":[{"href":"https:\/\/els-solutions.com\/pt-pt\/wp-json\/wp\/v2\/media?parent=8203"}],"wp:term":[{"taxonomy":"category","embeddable":true,"href":"https:\/\/els-solutions.com\/pt-pt\/wp-json\/wp\/v2\/categories?post=8203"},{"taxonomy":"post_tag","embeddable":true,"href":"https:\/\/els-solutions.com\/pt-pt\/wp-json\/wp\/v2\/tags?post=8203"}],"curies":[{"name":"wp","href":"https:\/\/api.w.org\/{rel}","templated":true}]}}