{"id":8229,"date":"2025-03-25T15:23:19","date_gmt":"2025-03-25T15:23:19","guid":{"rendered":"https:\/\/els-solutions.com\/cms\/dev\/?p=8229"},"modified":"2025-03-25T15:23:19","modified_gmt":"2025-03-25T15:23:19","slug":"novas-regras-produtos-cosmeticos-portugal","status":"publish","type":"post","link":"https:\/\/els-solutions.com\/pt-pt\/novas-regras-produtos-cosmeticos-portugal\/","title":{"rendered":"Decreto-Lei N.\u00ba 23\/2025: Novas Regras para Produtos Cosm\u00e9ticos em Portugal"},"content":{"rendered":"<div data-olk-copy-source=\"MessageBody\">\n<div data-olk-copy-source=\"MessageBody\">\n<p>Foi publicado o <strong>Decreto-Lei n.\u00ba 23\/2025,<\/strong> que assegura a execu\u00e7\u00e3o do <strong>Regulamento (CE) n.\u00ba 1223\/2009<\/strong> sobre <strong>produtos cosm\u00e9ticos<\/strong>. O diploma entra em vigor a 24 de mar\u00e7o de 2025 e estabelece novas normas para garantir a seguran\u00e7a dos cosm\u00e9ticos no mercado portugu\u00eas.<\/p>\n<h3><strong>Objetivo do Decreto-Lei<\/strong><\/h3>\n<p>O seu objetivo principal \u00e9:<\/p>\n<ul>\n<li>Garantir a seguran\u00e7a dos produtos cosm\u00e9ticos dispon\u00edveis no mercado portugu\u00eas,<\/li>\n<li>Proteger a sa\u00fade dos consumidores<\/li>\n<li>Assegurar o bom funcionamento do mercado interno.<\/li>\n<\/ul>\n<h3><strong>Registo de Atividade dos Operadores<\/strong><\/h3>\n<p>Os operadores econ\u00f3micos que fabricam, importam ou distribuem produtos cosm\u00e9ticos em Portugal devem realizar um registo de atividade. Essa medida visa maior controlo e seguran\u00e7a sobre os produtos no mercado.<\/p>\n<h3><strong>Informa\u00e7\u00f5es Obrigat\u00f3rias nos Produtos Cosm\u00e9ticos<\/strong><\/h3>\n<p>O diploma define normas para a rotulagem dos produtos, incluindo a obriga\u00e7\u00e3o de incluir informa\u00e7\u00f5es claras e espec\u00edficas sobre os cosm\u00e9ticos. Tamb\u00e9m \u00e9 estipulado o idioma a ser utilizado nas informa\u00e7\u00f5es.<\/p>\n<h3><strong>Normas para Produtos N\u00e3o Pr\u00e9-Embalados<\/strong><\/h3>\n<p>S\u00e3o estabelecidas regras para produtos cosm\u00e9ticos que n\u00e3o s\u00e3o pr\u00e9-embalados ou que s\u00e3o embalados no local de venda, garantindo que esses produtos tamb\u00e9m cumpram os requisitos de seguran\u00e7a.<\/p>\n<h3><strong>Sistema de Comunica\u00e7\u00e3o de Efeitos Indesej\u00e1veis<\/strong><\/h3>\n<p>O Decreto-Lei prev\u00ea um sistema para a comunica\u00e7\u00e3o de efeitos indesej\u00e1veis dos produtos cosm\u00e9ticos. Isso envolve profissionais de sa\u00fade, outros profissionais que utilizam cosm\u00e9ticos em suas atividades, e consumidores, visando garantir a seguran\u00e7a cont\u00ednua dos produtos.<\/p>\n<h3><strong>Regime Sancionat\u00f3rio<\/strong><\/h3>\n<p>O diploma tamb\u00e9m estabelece um regime sancionat\u00f3rio para infra\u00e7\u00f5es \u00e0s disposi\u00e7\u00f5es do regulamento europeu e da legisla\u00e7\u00e3o nacional, com penaliza\u00e7\u00f5es para os operadores que n\u00e3o cumprirem as normas estabelecidas.<\/p>\n<p>Com a entrada em vigor do<a href=\"https:\/\/files.diariodarepublica.pt\/1s\/2025\/03\/05500\/0003900050.pdf\"> Decreto-Lei N.\u00ba 23\/2025<\/a>, Portugal fortalece a regula\u00e7\u00e3o do mercado de cosm\u00e9ticos, alinhando-se com as normativas europeias e assegurando<\/p>\n<\/div>\n<\/div>\n","protected":false},"excerpt":{"rendered":"<p>Foi publicado o Decreto-Lei n.\u00ba 23\/2025, que assegura a execu\u00e7\u00e3o do Regulamento (CE) n.\u00ba 1223\/2009 sobre produtos cosm\u00e9ticos. O diploma entra em vigor a 24 de mar\u00e7o de 2025 e estabelece novas normas para garantir a seguran\u00e7a dos cosm\u00e9ticos no mercado portugu\u00eas.<\/p>\n","protected":false},"author":9,"featured_media":8231,"comment_status":"open","ping_status":"open","sticky":false,"template":"","format":"standard","meta":{"footnotes":""},"categories":[76,67,68,53,60,69],"tags":[78,90],"class_list":["post-8229","post","type-post","status-publish","format-standard","has-post-thumbnail","hentry","category-cosmeticos","category-els","category-els-group","category-geral","category-noticias","category-questoes-regulatorias","tag-cosmeticos","tag-ema"],"yoast_head":"<!-- This site is optimized with the Yoast SEO plugin v23.4 - https:\/\/yoast.com\/wordpress\/plugins\/seo\/ -->\n<title>Novas Regras para Produtos Cosm\u00e9ticos em Portugal<\/title>\n<meta name=\"description\" content=\"Foi publicado o Decreto-Lei n.\u00ba 23\/2025, que assegura a execu\u00e7\u00e3o do Regulamento (CE) n.\u00ba 1223\/2009 sobre produtos cosm\u00e9ticos.\" \/>\n<meta name=\"robots\" content=\"noindex, follow, max-snippet:-1, max-image-preview:large, max-video-preview:-1\" \/>\n<meta property=\"og:locale\" content=\"pt_PT\" \/>\n<meta property=\"og:type\" content=\"article\" \/>\n<meta property=\"og:title\" content=\"Atualizam a lista de medicamentos com exporta\u00e7\u00e3o suspensa\" \/>\n<meta property=\"og:description\" content=\"Atualizam a lista de medicamentos com exporta\u00e7\u00e3o suspensa para garantir o abastecimento de produtos cr\u00edticos.\" \/>\n<meta property=\"og:url\" content=\"https:\/\/els-solutions.com\/pt-pt\/novas-regras-produtos-cosmeticos-portugal\/\" \/>\n<meta property=\"og:site_name\" content=\"ELS Group - Accelerating Innovation\" \/>\n<meta property=\"article:publisher\" content=\"https:\/\/www.facebook.com\/els.solutions\/\" \/>\n<meta property=\"article:published_time\" content=\"2025-03-25T15:23:19+00:00\" \/>\n<meta property=\"og:image\" content=\"https:\/\/els-solutions.com\/cms\/wp-content\/uploads\/2024\/09\/ELS-Solutions-updating-medicines-supended-1.jpg\" \/>\n\t<meta property=\"og:image:width\" content=\"1200\" \/>\n\t<meta property=\"og:image:height\" content=\"600\" \/>\n\t<meta property=\"og:image:type\" content=\"image\/jpeg\" \/>\n<meta name=\"author\" content=\"Marketing ELS\" \/>\n<meta name=\"twitter:card\" content=\"summary_large_image\" \/>\n<meta name=\"twitter:label1\" content=\"Escrito por\" \/>\n\t<meta name=\"twitter:data1\" content=\"Marketing ELS\" \/>\n\t<meta name=\"twitter:label2\" content=\"Tempo estimado de leitura\" \/>\n\t<meta name=\"twitter:data2\" content=\"2 minutos\" \/>\n<script type=\"application\/ld+json\" class=\"yoast-schema-graph\">{\"@context\":\"https:\/\/schema.org\",\"@graph\":[{\"@type\":\"Article\",\"@id\":\"https:\/\/els-solutions.com\/pt-pt\/novas-regras-produtos-cosmeticos-portugal\/#article\",\"isPartOf\":{\"@id\":\"https:\/\/els-solutions.com\/pt-pt\/novas-regras-produtos-cosmeticos-portugal\/\"},\"author\":{\"name\":\"Marketing ELS\",\"@id\":\"https:\/\/els-solutions.com\/pt-pt\/#\/schema\/person\/9fb8dae537039679cfc537a000df6ca3\"},\"headline\":\"Decreto-Lei N.\u00ba 23\/2025: Novas Regras para Produtos Cosm\u00e9ticos em Portugal\",\"datePublished\":\"2025-03-25T15:23:19+00:00\",\"dateModified\":\"2025-03-25T15:23:19+00:00\",\"mainEntityOfPage\":{\"@id\":\"https:\/\/els-solutions.com\/pt-pt\/novas-regras-produtos-cosmeticos-portugal\/\"},\"wordCount\":328,\"commentCount\":0,\"publisher\":{\"@id\":\"https:\/\/els-solutions.com\/pt-pt\/#organization\"},\"image\":{\"@id\":\"https:\/\/els-solutions.com\/pt-pt\/novas-regras-produtos-cosmeticos-portugal\/#primaryimage\"},\"thumbnailUrl\":\"https:\/\/els-solutions.com\/cms\/wp-content\/uploads\/2025\/03\/Cosmetic-Products-in-Portugal.png\",\"keywords\":[\"Cosm\u00e9ticos\",\"EMA\"],\"articleSection\":[\"Cosm\u00e9ticos\",\"ELS\",\"ELS Group\",\"Geral\",\"Not\u00edcias\",\"Quest\u00f5es regulat\u00f3rias\"],\"inLanguage\":\"pt-PT\",\"potentialAction\":[{\"@type\":\"CommentAction\",\"name\":\"Comment\",\"target\":[\"https:\/\/els-solutions.com\/pt-pt\/novas-regras-produtos-cosmeticos-portugal\/#respond\"]}]},{\"@type\":\"WebPage\",\"@id\":\"https:\/\/els-solutions.com\/pt-pt\/novas-regras-produtos-cosmeticos-portugal\/\",\"url\":\"https:\/\/els-solutions.com\/pt-pt\/novas-regras-produtos-cosmeticos-portugal\/\",\"name\":\"Novas Regras para Produtos Cosm\u00e9ticos em Portugal\",\"isPartOf\":{\"@id\":\"https:\/\/els-solutions.com\/pt-pt\/#website\"},\"primaryImageOfPage\":{\"@id\":\"https:\/\/els-solutions.com\/pt-pt\/novas-regras-produtos-cosmeticos-portugal\/#primaryimage\"},\"image\":{\"@id\":\"https:\/\/els-solutions.com\/pt-pt\/novas-regras-produtos-cosmeticos-portugal\/#primaryimage\"},\"thumbnailUrl\":\"https:\/\/els-solutions.com\/cms\/wp-content\/uploads\/2025\/03\/Cosmetic-Products-in-Portugal.png\",\"datePublished\":\"2025-03-25T15:23:19+00:00\",\"dateModified\":\"2025-03-25T15:23:19+00:00\",\"description\":\"Foi publicado o Decreto-Lei n.\u00ba 23\/2025, que assegura a execu\u00e7\u00e3o do Regulamento (CE) n.\u00ba 1223\/2009 sobre produtos cosm\u00e9ticos.\",\"breadcrumb\":{\"@id\":\"https:\/\/els-solutions.com\/pt-pt\/novas-regras-produtos-cosmeticos-portugal\/#breadcrumb\"},\"inLanguage\":\"pt-PT\",\"potentialAction\":[{\"@type\":\"ReadAction\",\"target\":[\"https:\/\/els-solutions.com\/pt-pt\/novas-regras-produtos-cosmeticos-portugal\/\"]}]},{\"@type\":\"ImageObject\",\"inLanguage\":\"pt-PT\",\"@id\":\"https:\/\/els-solutions.com\/pt-pt\/novas-regras-produtos-cosmeticos-portugal\/#primaryimage\",\"url\":\"https:\/\/els-solutions.com\/cms\/wp-content\/uploads\/2025\/03\/Cosmetic-Products-in-Portugal.png\",\"contentUrl\":\"https:\/\/els-solutions.com\/cms\/wp-content\/uploads\/2025\/03\/Cosmetic-Products-in-Portugal.png\",\"width\":1200,\"height\":600},{\"@type\":\"BreadcrumbList\",\"@id\":\"https:\/\/els-solutions.com\/pt-pt\/novas-regras-produtos-cosmeticos-portugal\/#breadcrumb\",\"itemListElement\":[{\"@type\":\"ListItem\",\"position\":1,\"name\":\"In\u00edcio\",\"item\":\"https:\/\/els-solutions.com\/pt-pt\/\"},{\"@type\":\"ListItem\",\"position\":2,\"name\":\"Decreto-Lei N.\u00ba 23\/2025: Novas Regras para Produtos Cosm\u00e9ticos em Portugal\"}]},{\"@type\":\"WebSite\",\"@id\":\"https:\/\/els-solutions.com\/pt-pt\/#website\",\"url\":\"https:\/\/els-solutions.com\/pt-pt\/\",\"name\":\"ELS Group - Accelerating Innovation\",\"description\":\"Assessoria estrat\u00e9gia para a Ind\u00fastria Farmac\u00eautica\",\"publisher\":{\"@id\":\"https:\/\/els-solutions.com\/pt-pt\/#organization\"},\"potentialAction\":[{\"@type\":\"SearchAction\",\"target\":{\"@type\":\"EntryPoint\",\"urlTemplate\":\"https:\/\/els-solutions.com\/pt-pt\/?s={search_term_string}\"},\"query-input\":{\"@type\":\"PropertyValueSpecification\",\"valueRequired\":true,\"valueName\":\"search_term_string\"}}],\"inLanguage\":\"pt-PT\"},{\"@type\":\"Organization\",\"@id\":\"https:\/\/els-solutions.com\/pt-pt\/#organization\",\"name\":\"ELS Group - Accelerating Innovation\",\"url\":\"https:\/\/els-solutions.com\/pt-pt\/\",\"logo\":{\"@type\":\"ImageObject\",\"inLanguage\":\"pt-PT\",\"@id\":\"https:\/\/els-solutions.com\/pt-pt\/#\/schema\/logo\/image\/\",\"url\":\"https:\/\/els-solutions.com\/cms\/wp-content\/uploads\/2023\/08\/ELS-NewLogo-ColorBlack-1-e1691153715735.png\",\"contentUrl\":\"https:\/\/els-solutions.com\/cms\/wp-content\/uploads\/2023\/08\/ELS-NewLogo-ColorBlack-1-e1691153715735.png\",\"width\":2226,\"height\":1080,\"caption\":\"ELS Group - Accelerating Innovation\"},\"image\":{\"@id\":\"https:\/\/els-solutions.com\/pt-pt\/#\/schema\/logo\/image\/\"},\"sameAs\":[\"https:\/\/www.facebook.com\/els.solutions\/\"]},{\"@type\":\"Person\",\"@id\":\"https:\/\/els-solutions.com\/pt-pt\/#\/schema\/person\/9fb8dae537039679cfc537a000df6ca3\",\"name\":\"Marketing ELS\",\"image\":{\"@type\":\"ImageObject\",\"inLanguage\":\"pt-PT\",\"@id\":\"https:\/\/els-solutions.com\/pt-pt\/#\/schema\/person\/image\/\",\"url\":\"https:\/\/secure.gravatar.com\/avatar\/b785df1d10c9806cc43fcea2dbf585b96a8761ff697010979d603fc5b7a9ca7b?s=96&d=mm&r=g\",\"contentUrl\":\"https:\/\/secure.gravatar.com\/avatar\/b785df1d10c9806cc43fcea2dbf585b96a8761ff697010979d603fc5b7a9ca7b?s=96&d=mm&r=g\",\"caption\":\"Marketing ELS\"},\"sameAs\":[\"https:\/\/els-solutions.com\/\"]}]}<\/script>\n<!-- \/ Yoast SEO plugin. -->","yoast_head_json":{"title":"Novas Regras para Produtos Cosm\u00e9ticos em Portugal","description":"Foi publicado o Decreto-Lei n.\u00ba 23\/2025, que assegura a execu\u00e7\u00e3o do Regulamento (CE) n.\u00ba 1223\/2009 sobre produtos cosm\u00e9ticos.","robots":{"index":"noindex","follow":"follow","max-snippet":"max-snippet:-1","max-image-preview":"max-image-preview:large","max-video-preview":"max-video-preview:-1"},"og_locale":"pt_PT","og_type":"article","og_title":"Atualizam a lista de medicamentos com exporta\u00e7\u00e3o suspensa","og_description":"Atualizam a lista de medicamentos com exporta\u00e7\u00e3o suspensa para garantir o abastecimento de produtos cr\u00edticos.","og_url":"https:\/\/els-solutions.com\/pt-pt\/novas-regras-produtos-cosmeticos-portugal\/","og_site_name":"ELS Group - Accelerating Innovation","article_publisher":"https:\/\/www.facebook.com\/els.solutions\/","article_published_time":"2025-03-25T15:23:19+00:00","og_image":[{"width":1200,"height":600,"url":"https:\/\/els-solutions.com\/cms\/wp-content\/uploads\/2024\/09\/ELS-Solutions-updating-medicines-supended-1.jpg","type":"image\/jpeg"}],"author":"Marketing ELS","twitter_card":"summary_large_image","twitter_misc":{"Escrito por":"Marketing ELS","Tempo estimado de leitura":"2 minutos"},"schema":{"@context":"https:\/\/schema.org","@graph":[{"@type":"Article","@id":"https:\/\/els-solutions.com\/pt-pt\/novas-regras-produtos-cosmeticos-portugal\/#article","isPartOf":{"@id":"https:\/\/els-solutions.com\/pt-pt\/novas-regras-produtos-cosmeticos-portugal\/"},"author":{"name":"Marketing ELS","@id":"https:\/\/els-solutions.com\/pt-pt\/#\/schema\/person\/9fb8dae537039679cfc537a000df6ca3"},"headline":"Decreto-Lei N.\u00ba 23\/2025: Novas Regras para Produtos Cosm\u00e9ticos em Portugal","datePublished":"2025-03-25T15:23:19+00:00","dateModified":"2025-03-25T15:23:19+00:00","mainEntityOfPage":{"@id":"https:\/\/els-solutions.com\/pt-pt\/novas-regras-produtos-cosmeticos-portugal\/"},"wordCount":328,"commentCount":0,"publisher":{"@id":"https:\/\/els-solutions.com\/pt-pt\/#organization"},"image":{"@id":"https:\/\/els-solutions.com\/pt-pt\/novas-regras-produtos-cosmeticos-portugal\/#primaryimage"},"thumbnailUrl":"https:\/\/els-solutions.com\/cms\/wp-content\/uploads\/2025\/03\/Cosmetic-Products-in-Portugal.png","keywords":["Cosm\u00e9ticos","EMA"],"articleSection":["Cosm\u00e9ticos","ELS","ELS Group","Geral","Not\u00edcias","Quest\u00f5es regulat\u00f3rias"],"inLanguage":"pt-PT","potentialAction":[{"@type":"CommentAction","name":"Comment","target":["https:\/\/els-solutions.com\/pt-pt\/novas-regras-produtos-cosmeticos-portugal\/#respond"]}]},{"@type":"WebPage","@id":"https:\/\/els-solutions.com\/pt-pt\/novas-regras-produtos-cosmeticos-portugal\/","url":"https:\/\/els-solutions.com\/pt-pt\/novas-regras-produtos-cosmeticos-portugal\/","name":"Novas Regras para Produtos Cosm\u00e9ticos em Portugal","isPartOf":{"@id":"https:\/\/els-solutions.com\/pt-pt\/#website"},"primaryImageOfPage":{"@id":"https:\/\/els-solutions.com\/pt-pt\/novas-regras-produtos-cosmeticos-portugal\/#primaryimage"},"image":{"@id":"https:\/\/els-solutions.com\/pt-pt\/novas-regras-produtos-cosmeticos-portugal\/#primaryimage"},"thumbnailUrl":"https:\/\/els-solutions.com\/cms\/wp-content\/uploads\/2025\/03\/Cosmetic-Products-in-Portugal.png","datePublished":"2025-03-25T15:23:19+00:00","dateModified":"2025-03-25T15:23:19+00:00","description":"Foi publicado o Decreto-Lei n.\u00ba 23\/2025, que assegura a execu\u00e7\u00e3o do Regulamento (CE) n.\u00ba 1223\/2009 sobre produtos cosm\u00e9ticos.","breadcrumb":{"@id":"https:\/\/els-solutions.com\/pt-pt\/novas-regras-produtos-cosmeticos-portugal\/#breadcrumb"},"inLanguage":"pt-PT","potentialAction":[{"@type":"ReadAction","target":["https:\/\/els-solutions.com\/pt-pt\/novas-regras-produtos-cosmeticos-portugal\/"]}]},{"@type":"ImageObject","inLanguage":"pt-PT","@id":"https:\/\/els-solutions.com\/pt-pt\/novas-regras-produtos-cosmeticos-portugal\/#primaryimage","url":"https:\/\/els-solutions.com\/cms\/wp-content\/uploads\/2025\/03\/Cosmetic-Products-in-Portugal.png","contentUrl":"https:\/\/els-solutions.com\/cms\/wp-content\/uploads\/2025\/03\/Cosmetic-Products-in-Portugal.png","width":1200,"height":600},{"@type":"BreadcrumbList","@id":"https:\/\/els-solutions.com\/pt-pt\/novas-regras-produtos-cosmeticos-portugal\/#breadcrumb","itemListElement":[{"@type":"ListItem","position":1,"name":"In\u00edcio","item":"https:\/\/els-solutions.com\/pt-pt\/"},{"@type":"ListItem","position":2,"name":"Decreto-Lei N.\u00ba 23\/2025: Novas Regras para Produtos Cosm\u00e9ticos em Portugal"}]},{"@type":"WebSite","@id":"https:\/\/els-solutions.com\/pt-pt\/#website","url":"https:\/\/els-solutions.com\/pt-pt\/","name":"ELS Group - Accelerating Innovation","description":"Assessoria estrat\u00e9gia para a Ind\u00fastria Farmac\u00eautica","publisher":{"@id":"https:\/\/els-solutions.com\/pt-pt\/#organization"},"potentialAction":[{"@type":"SearchAction","target":{"@type":"EntryPoint","urlTemplate":"https:\/\/els-solutions.com\/pt-pt\/?s={search_term_string}"},"query-input":{"@type":"PropertyValueSpecification","valueRequired":true,"valueName":"search_term_string"}}],"inLanguage":"pt-PT"},{"@type":"Organization","@id":"https:\/\/els-solutions.com\/pt-pt\/#organization","name":"ELS Group - Accelerating Innovation","url":"https:\/\/els-solutions.com\/pt-pt\/","logo":{"@type":"ImageObject","inLanguage":"pt-PT","@id":"https:\/\/els-solutions.com\/pt-pt\/#\/schema\/logo\/image\/","url":"https:\/\/els-solutions.com\/cms\/wp-content\/uploads\/2023\/08\/ELS-NewLogo-ColorBlack-1-e1691153715735.png","contentUrl":"https:\/\/els-solutions.com\/cms\/wp-content\/uploads\/2023\/08\/ELS-NewLogo-ColorBlack-1-e1691153715735.png","width":2226,"height":1080,"caption":"ELS Group - Accelerating Innovation"},"image":{"@id":"https:\/\/els-solutions.com\/pt-pt\/#\/schema\/logo\/image\/"},"sameAs":["https:\/\/www.facebook.com\/els.solutions\/"]},{"@type":"Person","@id":"https:\/\/els-solutions.com\/pt-pt\/#\/schema\/person\/9fb8dae537039679cfc537a000df6ca3","name":"Marketing ELS","image":{"@type":"ImageObject","inLanguage":"pt-PT","@id":"https:\/\/els-solutions.com\/pt-pt\/#\/schema\/person\/image\/","url":"https:\/\/secure.gravatar.com\/avatar\/b785df1d10c9806cc43fcea2dbf585b96a8761ff697010979d603fc5b7a9ca7b?s=96&d=mm&r=g","contentUrl":"https:\/\/secure.gravatar.com\/avatar\/b785df1d10c9806cc43fcea2dbf585b96a8761ff697010979d603fc5b7a9ca7b?s=96&d=mm&r=g","caption":"Marketing ELS"},"sameAs":["https:\/\/els-solutions.com\/"]}]}},"_links":{"self":[{"href":"https:\/\/els-solutions.com\/pt-pt\/wp-json\/wp\/v2\/posts\/8229","targetHints":{"allow":["GET"]}}],"collection":[{"href":"https:\/\/els-solutions.com\/pt-pt\/wp-json\/wp\/v2\/posts"}],"about":[{"href":"https:\/\/els-solutions.com\/pt-pt\/wp-json\/wp\/v2\/types\/post"}],"author":[{"embeddable":true,"href":"https:\/\/els-solutions.com\/pt-pt\/wp-json\/wp\/v2\/users\/9"}],"replies":[{"embeddable":true,"href":"https:\/\/els-solutions.com\/pt-pt\/wp-json\/wp\/v2\/comments?post=8229"}],"version-history":[{"count":2,"href":"https:\/\/els-solutions.com\/pt-pt\/wp-json\/wp\/v2\/posts\/8229\/revisions"}],"predecessor-version":[{"id":8244,"href":"https:\/\/els-solutions.com\/pt-pt\/wp-json\/wp\/v2\/posts\/8229\/revisions\/8244"}],"wp:featuredmedia":[{"embeddable":true,"href":"https:\/\/els-solutions.com\/pt-pt\/wp-json\/wp\/v2\/media\/8231"}],"wp:attachment":[{"href":"https:\/\/els-solutions.com\/pt-pt\/wp-json\/wp\/v2\/media?parent=8229"}],"wp:term":[{"taxonomy":"category","embeddable":true,"href":"https:\/\/els-solutions.com\/pt-pt\/wp-json\/wp\/v2\/categories?post=8229"},{"taxonomy":"post_tag","embeddable":true,"href":"https:\/\/els-solutions.com\/pt-pt\/wp-json\/wp\/v2\/tags?post=8229"}],"curies":[{"name":"wp","href":"https:\/\/api.w.org\/{rel}","templated":true}]}}